{"id":683,"date":"2022-06-30T11:56:03","date_gmt":"2022-06-30T09:56:03","guid":{"rendered":"https:\/\/jornal.aprene.org\/Aici-ara\/?p=683"},"modified":"2022-06-30T13:58:07","modified_gmt":"2022-06-30T11:58:07","slug":"e-cric-e-crac","status":"publish","type":"post","link":"https:\/\/aici-ara.aprene.org\/index.php\/2022\/06\/30\/e-cric-e-crac\/","title":{"rendered":"<strong>E cric e crac&#8230;<\/strong>"},"content":{"rendered":"\n<p>Jo, que sabi un conte.<\/p>\n\n\n\n<p>Qu&rsquo;ei ua ist\u00f2ria d&rsquo;aventura, que conta qu\u00e8stas, encontres, espr\u00f2vas, amistats. Qu&rsquo;ei ua ist\u00f2ria que h\u00e8 v\u00edver mantua emocion&nbsp;: la j\u00f2ia, la paur, l&rsquo;estramb\u00f2rd, la serenitat e tanben la col\u00e8ra o la decepcion&nbsp;! De segur, aquesta presentacion que v&rsquo;aguisha e que&rsquo;n voletz saber mei&nbsp;! Be&rsquo;n v\u00f2li partatjar petits tr\u00f2\u00e7s dab vosautes&#8230;<\/p>\n\n\n\n<p>Qu&rsquo;ei donc l&rsquo;ist\u00f2ria d&rsquo;ua anciana professora de franc\u00e9s qui a cabussat au movement Calandreta tres ans a e qu&rsquo;entr\u00e8 en formacion a Aprene ent\u00e0 perseguir lo camin. E n&rsquo;est\u00f3 pas ua simpla passejada.<\/p>\n\n\n\n<p>Que cal\u00e8 afrontar los retards o las abs\u00e9ncias de trins, puish los milierats de quilom\u00e8tres de camin. Que&rsquo;s cal\u00e8 brembar deus petits noms deu centenat de calandrons encontrats pendent l&rsquo;annada. E que&rsquo;s desencusa cap aus eslh\u00e8ves qu&rsquo;aperava de la maishanta fai\u00e7on. Que cal\u00e8 produsir detzenas e detzenas de ficas miairas, mestrejar los objectius e las compet\u00e9ncias. Que cal\u00e8 apr\u00e9ner a masedar lo preterit, la pla\u00e7a deus pronoms, la \u00ab R \u00bb rotlada, e lo fam\u00f3s subjonctiu. E non parli pas deu son besson malefic\u00a0: lo subjonctiu imperf\u00e8it. Qu&rsquo;av\u00f3 tanben a har cap aus emplecs deu temps, los oraris que cambiavan d&rsquo;ua esc\u00f2la a l&rsquo;aute. E perdon taus calandrons que&rsquo;s manqu\u00e8n la recreacion pr&rsquo;amor la regenta que s&rsquo;engan\u00e8. Dilh\u00e8u que l&rsquo;aparir\u00e0 enq\u00fc\u00e8ra quan sia en p\u00f2ste&#8230; Que cal\u00e8 conquesir los subj\u00e8ctes d&rsquo;expausats, de mustra, d&rsquo;enquista e esc\u00e0der-s&rsquo;i a captivar l&rsquo;audit\u00f2ri, con\u00e9isher lo son de la soa votz e mestraj\u00e0&rsquo;s lo c\u00f2s e las emocions. Ent\u00e0 poder avan\u00e7ar suu camin que dev\u00f3 amistosar las r\u00e8glas e tecnicas compl\u00e8xas d&rsquo;ua arma secreta, lo tambornet. N&rsquo;\u00e8ra pas ua petita cuenta\u00a0! E l&rsquo;ist\u00f2ria ne menciona pas l&rsquo;espr\u00f2va deu PIX pr&rsquo;amor ne&rsquo;s p\u00f2t pas contar t\u00e0 las aurelhas sensiblas.<\/p>\n\n\n\n<p>Suu camin qu&rsquo;encontr\u00e8 totun monde que la balh\u00e8n conselhs preci\u00f3s, encoratjaments, ut\u00eds miravilh\u00f3s per la seguida. Uas personas que l&rsquo;ensenh\u00e8n tanben practicas magicas, coma la PI. E sabetz, los qui son representats per los \u00f2mis misteri\u00f3s, las hadas o los animaus magicas, las broishas dens los contes tradicionaus\u00a0? Suu camin d&rsquo;Aprene que s&rsquo;aperan los Paiss\u00e8ls-Ajudaires, lo Paiss\u00e8l, los bailes, l&rsquo;espatlaire, los formators, los regents, la secret\u00e0ria pedagogica. E Laura la hada-formadora, qui partatg\u00e8 lo son amor de la lenga.<\/p>\n\n\n\n<p>Mes ent\u00e0 caminar cap a la fin de la soa qu\u00e8sta, la calandrina que receb\u00f3 l&rsquo;ajuda preciosa d&rsquo;aliats, a c\u00f2ps combatent t\u00e0 la medisha causa. E podosse mercejar vertad\u00e8rament aquestes adjuvants, qui la permet\u00f3n d&rsquo;avan\u00e7ar, merc\u00e9s aus lors poders&nbsp;! Las cantas de Julia, las dan\u00e7as d&rsquo;Elis\u00e0, la serenitat de Marlena, lo charmant\u00e8r de Guilh\u00e8m, l&rsquo;estramb\u00f2rd de Le\u00e0, la vivacitat de Melania, l&rsquo;umor e la sapien\u00e7a de Milena. Dilh\u00e8u ne suspectar\u00e0n pas jamei l&rsquo;import\u00e0ncia deu lor sostien pendent las espr\u00f2vas. Que sian mercejats&nbsp;!<\/p>\n\n\n\n<p>Enfin, la f\u00f2r\u00e7a e lo coratge necessaris qu&rsquo;est\u00f3n balhats peus mei preci\u00f3s e mi\u00e9lhors de tots los companhons de viatge. Frederic l&rsquo;amor\u00f3s, Matte\u00e0 l&rsquo;avisada, Susia l&rsquo;estrambordada, que transmet\u00f3n a la calandrina la hidan\u00e7a ent\u00e0 perseguir lo son saunei. Que son los sons amors.<\/p>\n\n\n\n<p>E la fin deu conte&nbsp;? Ne n&rsquo;i a pas.<\/p>\n\n\n\n<p>Mes que i a ua conclusion&nbsp;: que s&rsquo;ac vau&nbsp;!<\/p>\n\n\n\n<p>E cric e crac,<\/p>\n\n\n\n<p>Lo conte n&rsquo;ei pas acabat,<\/p>\n\n\n\n<p>E crac e cric,<\/p>\n\n\n\n<p>Que perseguim lo camin&nbsp;!<\/p>\n\n\n\n<p>Sandrina Rey e la c\u00f2la<\/p>\n","protected":false},"excerpt":{"rendered":"<p>Jo, que sabi un conte. Qu&rsquo;ei ua ist\u00f2ria d&rsquo;aventura, que conta qu\u00e8stas, encontres, espr\u00f2vas, amistats. Qu&rsquo;ei ua ist\u00f2ria que h\u00e8 v\u00edver mantua emocion&nbsp;: la j\u00f2ia, &hellip; <\/p>\n","protected":false},"author":9,"featured_media":700,"comment_status":"open","ping_status":"open","sticky":false,"template":"","format":"standard","meta":{"footnotes":""},"categories":[3],"tags":[],"class_list":["post-683","post","type-post","status-publish","format-standard","has-post-thumbnail","hentry","category-articles"],"_links":{"self":[{"href":"https:\/\/aici-ara.aprene.org\/index.php\/wp-json\/wp\/v2\/posts\/683","targetHints":{"allow":["GET"]}}],"collection":[{"href":"https:\/\/aici-ara.aprene.org\/index.php\/wp-json\/wp\/v2\/posts"}],"about":[{"href":"https:\/\/aici-ara.aprene.org\/index.php\/wp-json\/wp\/v2\/types\/post"}],"author":[{"embeddable":true,"href":"https:\/\/aici-ara.aprene.org\/index.php\/wp-json\/wp\/v2\/users\/9"}],"replies":[{"embeddable":true,"href":"https:\/\/aici-ara.aprene.org\/index.php\/wp-json\/wp\/v2\/comments?post=683"}],"version-history":[{"count":4,"href":"https:\/\/aici-ara.aprene.org\/index.php\/wp-json\/wp\/v2\/posts\/683\/revisions"}],"predecessor-version":[{"id":711,"href":"https:\/\/aici-ara.aprene.org\/index.php\/wp-json\/wp\/v2\/posts\/683\/revisions\/711"}],"wp:featuredmedia":[{"embeddable":true,"href":"https:\/\/aici-ara.aprene.org\/index.php\/wp-json\/wp\/v2\/media\/700"}],"wp:attachment":[{"href":"https:\/\/aici-ara.aprene.org\/index.php\/wp-json\/wp\/v2\/media?parent=683"}],"wp:term":[{"taxonomy":"category","embeddable":true,"href":"https:\/\/aici-ara.aprene.org\/index.php\/wp-json\/wp\/v2\/categories?post=683"},{"taxonomy":"post_tag","embeddable":true,"href":"https:\/\/aici-ara.aprene.org\/index.php\/wp-json\/wp\/v2\/tags?post=683"}],"curies":[{"name":"wp","href":"https:\/\/api.w.org\/{rel}","templated":true}]}}