{"id":653,"date":"2022-06-30T11:29:02","date_gmt":"2022-06-30T09:29:02","guid":{"rendered":"https:\/\/jornal.aprene.org\/Aici-ara\/?p=653"},"modified":"2022-06-30T11:29:43","modified_gmt":"2022-06-30T09:29:43","slug":"20-ans-un-plan-polit-anniversari","status":"publish","type":"post","link":"https:\/\/aici-ara.aprene.org\/index.php\/2022\/06\/30\/20-ans-un-plan-polit-anniversari\/","title":{"rendered":"20 ans, un plan polit anniversari!"},"content":{"rendered":"\n<p>L\u2019esc\u00f2la Calandreta Dagtenca celebr\u00e8t son 20n anniversari lo 4 de junh amb una jornada de f\u00e8sta pensada pels pich\u00f2ts e ancians calandrons, mas tanben pels membres fondadors de l\u2019esc\u00f2la, associatius, c\u00f2la pedagogica, amics e partenaris de la calandreta dempu\u00e8i sa creacion.<br><br>Apr\u00e8s l\u2019inauguracion oficiala de l\u2019exposicion sul proj\u00e8cte calandreta a l\u2019ofici de torisme d\u2019Agde, seguigu\u00e8t un moment de cant e dan\u00e7a intergeneracional. Un passa-carri\u00e8ra musical darri\u00e8r lo Cavalet, qu\u2019es l\u2019animal totemic protector dels calandrons d\u2019Agde, men\u00e8t lo mond dusca al molin dels avesques sus las ribas del flum Erau. Aqu\u00ed se dobrigu\u00e8t oficialament la f\u00e8sta amb los membres fondators e actuals de la calandreta.<br><br>Long de la jornada \u00e8ran previstas d\u2019animacions ludicas coma d\u2019obradors de dan\u00e7as, de j\u00f2cs, de pintura sus c\u00f2dols, de lecturas occitanas amb Los Amics o encara un talhi\u00e8r d\u2019ajustas sus carri\u00f2las amb l\u2019esc\u00f2la d\u2019ajustas dagtenca. <br><br>En debuta de tantossada un film\u00f2t \u00abCalandrons un jorn calandrons totjorn\u00bb creat per d\u2019ancians calandrons d\u2019Agde, fogu\u00e8t projectat. L&rsquo;escasen\u00e7a de se sovenir dels temps joioses passats e de pausar un agach positiu sus l&rsquo;avenidor. Apr\u00e8p un escambi f\u00f2r\u00e7a cargat d\u2019emocions amb los ancians calandrons i agu\u00e8t un fum de suspresas : cants, dan\u00e7as e gostar amb de segur la famosa c\u00f2ca d\u2019anniversari !<br><br>Clav\u00e8t la jornada una serada de retrobadas calorosas organizadas al dintre de l\u2019esc\u00f2la. Un bal\u00e8ti endiablat amb Humpty Dumpty, lo \u00absound-system\u00bb occitan fagu\u00e8t bolegar pich\u00f2ts e grands. Los rescontres e las discutidas ritm\u00e8ron aquela polida serada al cap de la nu\u00e8ch.<br><br>\u00d2sca a la Calandreta Dagtenca per tot aquel vam !<\/p>\n","protected":false},"excerpt":{"rendered":"<p>L\u2019esc\u00f2la Calandreta Dagtenca celebr\u00e8t son 20n anniversari lo 4 de junh amb una jornada de f\u00e8sta pensada pels pich\u00f2ts e ancians calandrons, mas tanben pels &hellip; <\/p>\n","protected":false},"author":7,"featured_media":665,"comment_status":"open","ping_status":"open","sticky":false,"template":"","format":"standard","meta":{"footnotes":""},"categories":[3,4],"tags":[],"class_list":["post-653","post","type-post","status-publish","format-standard","has-post-thumbnail","hentry","category-articles","category-cultura"],"_links":{"self":[{"href":"https:\/\/aici-ara.aprene.org\/index.php\/wp-json\/wp\/v2\/posts\/653","targetHints":{"allow":["GET"]}}],"collection":[{"href":"https:\/\/aici-ara.aprene.org\/index.php\/wp-json\/wp\/v2\/posts"}],"about":[{"href":"https:\/\/aici-ara.aprene.org\/index.php\/wp-json\/wp\/v2\/types\/post"}],"author":[{"embeddable":true,"href":"https:\/\/aici-ara.aprene.org\/index.php\/wp-json\/wp\/v2\/users\/7"}],"replies":[{"embeddable":true,"href":"https:\/\/aici-ara.aprene.org\/index.php\/wp-json\/wp\/v2\/comments?post=653"}],"version-history":[{"count":3,"href":"https:\/\/aici-ara.aprene.org\/index.php\/wp-json\/wp\/v2\/posts\/653\/revisions"}],"predecessor-version":[{"id":676,"href":"https:\/\/aici-ara.aprene.org\/index.php\/wp-json\/wp\/v2\/posts\/653\/revisions\/676"}],"wp:featuredmedia":[{"embeddable":true,"href":"https:\/\/aici-ara.aprene.org\/index.php\/wp-json\/wp\/v2\/media\/665"}],"wp:attachment":[{"href":"https:\/\/aici-ara.aprene.org\/index.php\/wp-json\/wp\/v2\/media?parent=653"}],"wp:term":[{"taxonomy":"category","embeddable":true,"href":"https:\/\/aici-ara.aprene.org\/index.php\/wp-json\/wp\/v2\/categories?post=653"},{"taxonomy":"post_tag","embeddable":true,"href":"https:\/\/aici-ara.aprene.org\/index.php\/wp-json\/wp\/v2\/tags?post=653"}],"curies":[{"name":"wp","href":"https:\/\/api.w.org\/{rel}","templated":true}]}}