{"id":615,"date":"2022-04-21T18:55:57","date_gmt":"2022-04-21T16:55:57","guid":{"rendered":"https:\/\/jornal.aprene.org\/Aici-ara\/?p=615"},"modified":"2022-04-21T19:04:16","modified_gmt":"2022-04-21T17:04:16","slug":"la-bilheta-dumor-de-la-prima","status":"publish","type":"post","link":"https:\/\/aici-ara.aprene.org\/index.php\/2022\/04\/21\/la-bilheta-dumor-de-la-prima\/","title":{"rendered":"La bilheta d\u2019umor de la prima"},"content":{"rendered":"\n<p><\/p>\n\n\n\n<p>Es pas de tot repaus la vida de Calandrina en annada APRENE 1, o cal plan dire ! Emai tot aqu\u00f2 fogu\u00e8sse previst dins mon cap e planificat en familha, entre las setmanas de formacion f\u00f2r\u00e7a cargadas en centre, los tres moduls en classa dins cada cicle, los estagis lenga e cultura, los rempla\u00e7aments, las formacions a dist\u00e0ncia e un fum d\u2019autras causas encara per completar lo programa, ai de c\u00f2ps la sensacion de viure \u00ablo jorn sens fin\u00bb, o pusl\u00e8u l\u2019annada sens fin. Sab\u00e8tz coma lo filme, levat qu\u2019aqu\u00ed a Besi\u00e8rs, i a pas cap de marm\u00f2ta !<\/p>\n\n\n\n<p>Ara que l\u2019annada se tira, que la prima s&rsquo;installa enfin, que lo solelh gausa puntar son nas, que los aucelons cantan e que la vinha torna a la vida, sosqui e m\u2019autorizi de pr\u00e9ner un momenton per agachar dins lo retrovisor del temps d\u2019aquela annada f\u00f2la.<\/p>\n\n\n\n<p>Me soveni del moment que dintr\u00e8ri pel primi\u00e8r c\u00f2p en classa a l\u2019escasen\u00e7a de l\u2019estagi d\u2019abaudiment a la fin de setembre. \u00c8ri tota trantalhanta amb lo sentit f\u00f2rt d\u2019\u00e8sser pas pro armada per \u00e8sser aqu\u00ed. Ieu qu\u2019ai besonh de securitat, avi\u00e1i l\u2019impression d&rsquo;\u00e8sser un pauc coma escampada dins l\u2019arena. Pr\u2019aqu\u00f2 ma primi\u00e8ra setmana de rempla\u00e7ament d\u2019octobre se pass\u00e8t f\u00f2r\u00e7a plan. Tot aqu\u00f2 fogu\u00e8sse pas estat possible sens la paiss\u00e8la acompanhaira que fagu\u00e8t tot \u00e7\u00f2 que calgu\u00e8t e mai encara, perque posqu\u00e8sse prene ma pla\u00e7a. Me daiss\u00e8t descobrir de per ieu, palpejar e experimentar en fisan\u00e7a per fin de me permetre d\u2019apr\u00e9ner de faire classa segon mon biais.<\/p>\n\n\n\n<p>Aquelas setmanas de rempla\u00e7ament que ritman l\u2019annada son pas encara acabadas, mas \u00e7\u00f2 que p\u00f2di dire es que las que son ja complidas fogu\u00e8ron totas un pur bonur de me trobar un pauc coma dins \u00abma classa\u00bb. Tot aqu\u00f2 merc\u00e9 tanben a las aisinas vistas al centre de formacion que prengu\u00e8ron tot lor sens : crear un quas\u00e8rn de b\u00f2rd, programar sas setmanas, fargar de fichas menairas, dobrir un quas\u00e8rn caminaire, apr\u00e9ner a pausar sa votz, se pla\u00e7ar dins l\u2019espaci classa, se metre a l\u2019escota de sa classa, cantar, contar e mantuna autra causa encara coma las famosas sesilhas de pedagogia institucionala.<\/p>\n\n\n\n<p>En parall\u00e8l d\u2019aquestas experi\u00e9ncias vengu\u00e8t l\u00e8u lo temps dels moduls que la t\u00f2ca n\u2019es de viure e observar una classa e son o sa regent(a) per fin d\u2019i trapar d\u2019aisinas que me far\u00e0n mesti\u00e8r per l\u2019avenidor. Aquela mesa en situacion al dintre d\u2019esc\u00f2las Calandretas fogu\u00e8t ric en aprendissatge. Per mon primi\u00e8r modul, mercegi l\u2019ajuda preciosa del paiss\u00e8l que me daiss\u00e8t sul pic una pla\u00e7a b\u00e8la dins sa classa de GS\/CP. Malgrat lo fach que la covid s&rsquo;invit\u00e8t dins mon percors, agu\u00e8ri l\u2019astre de rencontrar per mon modul 2 un baile f\u00f2r\u00e7a present, que prengu\u00e8t lo temps de respondre a la molonada de mas questions. Me permet\u00e8t de descobrir un fonccionament de classa CE1\/CE2 que m&rsquo;estrambord\u00e8t completament. Aqu\u00ed prengu\u00e8ri consci\u00e9ncia vertadi\u00e8rament que la classa P.I. es una classa que vira, amb d\u2019enfants completament dins la cooperacion e l\u2019ajuda, e qu\u2019es possible de daissar evoluir cadun a son ritme dins un encastre favorable. A l\u2019ora que soi a escriure aquel article, veni d\u2019acabar mon modul 3 amb de TPS\/PS\/MS. Agu\u00e8ri la j\u00f2ia d\u2019aver una baila benvolenta e pausada que s&rsquo;esforc\u00e8t de me far descobrir \u00e7\u00f2 qu\u2019es de faire esc\u00f2la amb de \u00ab pichonets \u00bb. En mai d\u2019aqu\u00f2 m\u2019ajud\u00e8t sens trantalhar per mon camin cap a la lenga.<\/p>\n\n\n\n<p>Tant de causas se pass\u00e8ron dempu\u00e8i setembre, qu\u2019agachar en arri\u00e8r me far virar lo cap.<\/p>\n\n\n\n<p>S\u00e8m a la fin del mes d&rsquo;abril, lo camin es pas acabat mas me sentissi a l\u2019aise per faire classa merc\u00e9 al fum de causas observadas, viscudas e testadas en \u00e7\u00f2 de la paiss\u00e8la acompanhaira, lo paiss\u00e8l, e la e lo baile. De regents d\u2019experi\u00e9ncias amb de biaisses de menar lor classa diferents, que me permet\u00e8ron a mon torn de pr\u00e9ner ma pla\u00e7a dins la classa e que m&rsquo;ajud\u00e8ron totes a faire mon camin per fin de me permetre de venir regenta.<\/p>\n\n\n\n<p>Aqu\u00ed, s\u2019endralhar en APRENE 1 o aviatz plan compr\u00e9s demanda una bona d\u00f2si d&rsquo;energia, qualques sacrificis, mas me cal creire : tot aqu\u00f2 a de sens e val vertadi\u00e8rament lo c\u00f2p.<\/p>\n\n\n\n<p>E cric e crac lo camin es plan endralhat !<\/p>\n\n\n\n<p>Julia Pastor e la c\u00f2la<\/p>\n","protected":false},"excerpt":{"rendered":"<p>Es pas de tot repaus la vida de Calandrina en annada APRENE 1, o cal plan dire ! Emai tot aqu\u00f2 fogu\u00e8sse previst dins mon &hellip; <\/p>\n","protected":false},"author":7,"featured_media":599,"comment_status":"open","ping_status":"open","sticky":false,"template":"","format":"standard","meta":{"footnotes":""},"categories":[3],"tags":[],"class_list":["post-615","post","type-post","status-publish","format-standard","has-post-thumbnail","hentry","category-articles"],"_links":{"self":[{"href":"https:\/\/aici-ara.aprene.org\/index.php\/wp-json\/wp\/v2\/posts\/615","targetHints":{"allow":["GET"]}}],"collection":[{"href":"https:\/\/aici-ara.aprene.org\/index.php\/wp-json\/wp\/v2\/posts"}],"about":[{"href":"https:\/\/aici-ara.aprene.org\/index.php\/wp-json\/wp\/v2\/types\/post"}],"author":[{"embeddable":true,"href":"https:\/\/aici-ara.aprene.org\/index.php\/wp-json\/wp\/v2\/users\/7"}],"replies":[{"embeddable":true,"href":"https:\/\/aici-ara.aprene.org\/index.php\/wp-json\/wp\/v2\/comments?post=615"}],"version-history":[{"count":2,"href":"https:\/\/aici-ara.aprene.org\/index.php\/wp-json\/wp\/v2\/posts\/615\/revisions"}],"predecessor-version":[{"id":618,"href":"https:\/\/aici-ara.aprene.org\/index.php\/wp-json\/wp\/v2\/posts\/615\/revisions\/618"}],"wp:featuredmedia":[{"embeddable":true,"href":"https:\/\/aici-ara.aprene.org\/index.php\/wp-json\/wp\/v2\/media\/599"}],"wp:attachment":[{"href":"https:\/\/aici-ara.aprene.org\/index.php\/wp-json\/wp\/v2\/media?parent=615"}],"wp:term":[{"taxonomy":"category","embeddable":true,"href":"https:\/\/aici-ara.aprene.org\/index.php\/wp-json\/wp\/v2\/categories?post=615"},{"taxonomy":"post_tag","embeddable":true,"href":"https:\/\/aici-ara.aprene.org\/index.php\/wp-json\/wp\/v2\/tags?post=615"}],"curies":[{"name":"wp","href":"https:\/\/api.w.org\/{rel}","templated":true}]}}