{"id":590,"date":"2022-04-21T11:18:09","date_gmt":"2022-04-21T09:18:09","guid":{"rendered":"https:\/\/jornal.aprene.org\/Aici-ara\/?p=590"},"modified":"2022-04-21T15:47:04","modified_gmt":"2022-04-21T13:47:04","slug":"quand-freinet-nos-pren-al-cor","status":"publish","type":"post","link":"https:\/\/aici-ara.aprene.org\/index.php\/2022\/04\/21\/quand-freinet-nos-pren-al-cor\/","title":{"rendered":"Quand Freinet nos pren al c\u00f2r."},"content":{"rendered":"\n<figure class=\"wp-block-gallery has-nested-images columns-default is-cropped wp-block-gallery-1 is-layout-flex wp-block-gallery-is-layout-flex\">\n<figure class=\"wp-block-image size-large\"><img loading=\"lazy\" decoding=\"async\" width=\"2048\" height=\"1152\" data-id=\"575\" src=\"https:\/\/aici-ara.aprene.org\/wp-content\/uploads\/2022\/04\/PHOTO-2022-03-03-10-59-40.jpg\" alt=\"\" class=\"wp-image-575\" srcset=\"https:\/\/aici-ara.aprene.org\/wp-content\/uploads\/2022\/04\/PHOTO-2022-03-03-10-59-40.jpg 2048w, https:\/\/aici-ara.aprene.org\/wp-content\/uploads\/2022\/04\/PHOTO-2022-03-03-10-59-40-300x169.jpg 300w, https:\/\/aici-ara.aprene.org\/wp-content\/uploads\/2022\/04\/PHOTO-2022-03-03-10-59-40-1024x576.jpg 1024w, https:\/\/aici-ara.aprene.org\/wp-content\/uploads\/2022\/04\/PHOTO-2022-03-03-10-59-40-768x432.jpg 768w, https:\/\/aici-ara.aprene.org\/wp-content\/uploads\/2022\/04\/PHOTO-2022-03-03-10-59-40-1536x864.jpg 1536w, https:\/\/aici-ara.aprene.org\/wp-content\/uploads\/2022\/04\/PHOTO-2022-03-03-10-59-40-107x60.jpg 107w, https:\/\/aici-ara.aprene.org\/wp-content\/uploads\/2022\/04\/PHOTO-2022-03-03-10-59-40-840x473.jpg 840w\" sizes=\"auto, (max-width: 2048px) 100vw, 2048px\" \/><\/figure>\n\n\n\n<figure class=\"wp-block-image size-large\"><img loading=\"lazy\" decoding=\"async\" width=\"1152\" height=\"2048\" data-id=\"574\" src=\"https:\/\/aici-ara.aprene.org\/wp-content\/uploads\/2022\/04\/PHOTO-2022-03-03-10-59-39.jpg\" alt=\"\" class=\"wp-image-574\" srcset=\"https:\/\/aici-ara.aprene.org\/wp-content\/uploads\/2022\/04\/PHOTO-2022-03-03-10-59-39.jpg 1152w, https:\/\/aici-ara.aprene.org\/wp-content\/uploads\/2022\/04\/PHOTO-2022-03-03-10-59-39-169x300.jpg 169w, https:\/\/aici-ara.aprene.org\/wp-content\/uploads\/2022\/04\/PHOTO-2022-03-03-10-59-39-576x1024.jpg 576w, https:\/\/aici-ara.aprene.org\/wp-content\/uploads\/2022\/04\/PHOTO-2022-03-03-10-59-39-768x1365.jpg 768w, https:\/\/aici-ara.aprene.org\/wp-content\/uploads\/2022\/04\/PHOTO-2022-03-03-10-59-39-864x1536.jpg 864w, https:\/\/aici-ara.aprene.org\/wp-content\/uploads\/2022\/04\/PHOTO-2022-03-03-10-59-39-34x60.jpg 34w\" sizes=\"auto, (max-width: 1152px) 100vw, 1152px\" \/><\/figure>\n\n\n\n<figure class=\"wp-block-image size-large\"><img loading=\"lazy\" decoding=\"async\" width=\"2048\" height=\"1152\" data-id=\"572\" src=\"https:\/\/aici-ara.aprene.org\/wp-content\/uploads\/2022\/04\/PHOTO-2022-03-03-10-59-37-1.jpg\" alt=\"\" class=\"wp-image-572\" srcset=\"https:\/\/aici-ara.aprene.org\/wp-content\/uploads\/2022\/04\/PHOTO-2022-03-03-10-59-37-1.jpg 2048w, https:\/\/aici-ara.aprene.org\/wp-content\/uploads\/2022\/04\/PHOTO-2022-03-03-10-59-37-1-300x169.jpg 300w, https:\/\/aici-ara.aprene.org\/wp-content\/uploads\/2022\/04\/PHOTO-2022-03-03-10-59-37-1-1024x576.jpg 1024w, https:\/\/aici-ara.aprene.org\/wp-content\/uploads\/2022\/04\/PHOTO-2022-03-03-10-59-37-1-768x432.jpg 768w, https:\/\/aici-ara.aprene.org\/wp-content\/uploads\/2022\/04\/PHOTO-2022-03-03-10-59-37-1-1536x864.jpg 1536w, https:\/\/aici-ara.aprene.org\/wp-content\/uploads\/2022\/04\/PHOTO-2022-03-03-10-59-37-1-107x60.jpg 107w, https:\/\/aici-ara.aprene.org\/wp-content\/uploads\/2022\/04\/PHOTO-2022-03-03-10-59-37-1-840x473.jpg 840w\" sizes=\"auto, (max-width: 2048px) 100vw, 2048px\" \/><\/figure>\n\n\n\n<figure class=\"wp-block-image size-large\"><img loading=\"lazy\" decoding=\"async\" width=\"1161\" height=\"1725\" data-id=\"573\" src=\"https:\/\/aici-ara.aprene.org\/wp-content\/uploads\/2022\/04\/PHOTO-2022-03-03-10-59-37.jpg\" alt=\"\" class=\"wp-image-573\" srcset=\"https:\/\/aici-ara.aprene.org\/wp-content\/uploads\/2022\/04\/PHOTO-2022-03-03-10-59-37.jpg 1161w, https:\/\/aici-ara.aprene.org\/wp-content\/uploads\/2022\/04\/PHOTO-2022-03-03-10-59-37-202x300.jpg 202w, https:\/\/aici-ara.aprene.org\/wp-content\/uploads\/2022\/04\/PHOTO-2022-03-03-10-59-37-689x1024.jpg 689w, https:\/\/aici-ara.aprene.org\/wp-content\/uploads\/2022\/04\/PHOTO-2022-03-03-10-59-37-768x1141.jpg 768w, https:\/\/aici-ara.aprene.org\/wp-content\/uploads\/2022\/04\/PHOTO-2022-03-03-10-59-37-1034x1536.jpg 1034w, https:\/\/aici-ara.aprene.org\/wp-content\/uploads\/2022\/04\/PHOTO-2022-03-03-10-59-37-40x60.jpg 40w\" sizes=\"auto, (max-width: 1161px) 100vw, 1161px\" \/><\/figure>\n\n\n\n<figure class=\"wp-block-image size-large\"><img loading=\"lazy\" decoding=\"async\" width=\"2048\" height=\"1152\" data-id=\"576\" src=\"https:\/\/aici-ara.aprene.org\/wp-content\/uploads\/2022\/04\/PHOTO-2022-03-03-10-59-42.jpg\" alt=\"\" class=\"wp-image-576\" srcset=\"https:\/\/aici-ara.aprene.org\/wp-content\/uploads\/2022\/04\/PHOTO-2022-03-03-10-59-42.jpg 2048w, https:\/\/aici-ara.aprene.org\/wp-content\/uploads\/2022\/04\/PHOTO-2022-03-03-10-59-42-300x169.jpg 300w, https:\/\/aici-ara.aprene.org\/wp-content\/uploads\/2022\/04\/PHOTO-2022-03-03-10-59-42-1024x576.jpg 1024w, https:\/\/aici-ara.aprene.org\/wp-content\/uploads\/2022\/04\/PHOTO-2022-03-03-10-59-42-768x432.jpg 768w, https:\/\/aici-ara.aprene.org\/wp-content\/uploads\/2022\/04\/PHOTO-2022-03-03-10-59-42-1536x864.jpg 1536w, https:\/\/aici-ara.aprene.org\/wp-content\/uploads\/2022\/04\/PHOTO-2022-03-03-10-59-42-107x60.jpg 107w, https:\/\/aici-ara.aprene.org\/wp-content\/uploads\/2022\/04\/PHOTO-2022-03-03-10-59-42-840x473.jpg 840w\" sizes=\"auto, (max-width: 2048px) 100vw, 2048px\" \/><\/figure>\n<\/figure>\n\n\n\n<p><\/p>\n\n\n\n<p>En debuta d\u2019annada escolara la n\u00f2stra c\u00f2la prengu\u00e8t la decision de far un bl\u00f2g pusl\u00e8u qu&rsquo;un jornal papi\u00e8r per causa de manca de temps dins lo planejament. Aquela decision, presa en conselh, fogu\u00e8t la bona. Av\u00e8m la metodologia, lo temps es (a pauc pr\u00e8s) mestrejat. Quitament se lo bl\u00f2g es f\u00f2r\u00e7a pratic, posqu\u00e8rem pas con\u00e9isser l\u2019estramb\u00f2rd de fargar, amb las mans, un quic\u00f2m amassa. Totes amassa.<\/p>\n\n\n\n<p>Pr\u2019aqu\u00f2 vos vau contar una istorieta que se debana en tres tempses.<\/p>\n\n\n\n<p>1,2,3&#8230;<\/p>\n\n\n\n<p>1. Comen\u00e7ar de la debuta :<\/p>\n\n\n\n<p>Agu\u00e8rem una setmana en centre que se deban\u00e8t del diluns 28 de febri\u00e8r al divendres 4 de mar\u00e7.<\/p>\n\n\n\n<p>Coma de costuma, per un dimars de formacion, Dalfina dintr\u00e8t coma un solelh dins la n\u00f2stra classa. Aquesta setmana \u00e8ra diferenta, sabiam plan qu\u2019\u00e8ra pas aqu\u00ed per nos parlar de \u00ab\u00a0deixi\u00a0\u00bb, sabiam que i avi\u00e1 quic\u00f2m mai de previst&#8230; mas qu\u00e9 ?<\/p>\n\n\n\n<p>Pensi amb de recuol que degun se dobtava pas del desf\u00eds de Dalfina : fargar en dos jorns, una edicion especiala d&rsquo;<em>Aic\u00ed Ara<\/em> en version papi\u00e8r.<\/p>\n\n\n\n<p>2. Al trabalh brave mond !<\/p>\n\n\n\n<p>Causigu\u00e8rem los t\u00e8xtes : dos del jornal <em>Aic\u00ed Ara<\/em> que nos agradavan, de t\u00e8xtes de Calandrons, dos contes e un t\u00e8xt en lenga c\u00f2rsa.<\/p>\n\n\n\n<p>Dessepar\u00e8rem la n\u00f2stra c\u00f2la en dos e Dalfina nos prepaus\u00e8t mantun biais d\u2019illustrar los t\u00e8xtes causits : pocadors, lino-gravadura, Leg\u00f2s, pinc\u00e8ls, rotl\u00e8us e autres espl\u00e8ches&#8230; Lo trabalh a la cadena nos estrambord\u00e8t. Descobrigu\u00e8rem pivelats l&rsquo;efi\u00e8ch que p\u00f2t aver un talhi\u00e8r d&rsquo;illustracion ! Fins ara aviam sonque vistes los mainatges a l&rsquo;\u00f2bra.<\/p>\n\n\n\n<p>Fu\u00e8lh per fu\u00e8lh, cada illustracion fogu\u00e8t estampada amb c\u00f2r, doblid\u00e8rem quitament de far las pausetas tant agradadas.<\/p>\n\n\n\n<p>3. Acabar per la fin :<\/p>\n\n\n\n<p>Divendres de ser, vos p\u00f2di assegurar que l\u2019ambient que flotejava dins la n\u00f2stra sala TD3 \u00e8ra indescriptible. Estrambordats, nos trigava pas qu&rsquo;una causa : veire lo n\u00f2stre nenon acabat.<\/p>\n\n\n\n<p>Quand l\u2019agu\u00e8rem per las mans, \u00e8rem de bolas de j\u00f2ia.<\/p>\n\n\n\n<p>1, 2, 3&#8230; e cric e crac, lo jornal es acrancat.<\/p>\n\n\n\n<p><em>N<\/em><em>o<\/em><em>ta bene<\/em> o mot pels curioses : aquela edicion especiala del n\u00f2stre jornal <em>AIC<\/em><em>\u00cd<\/em><em> ARA<\/em> es disponibla en version escanerizada al n\u00f2stre site (cal furgar un pauc).<\/p>\n\n\n\n<p>Le\u00e0 Puel e la c\u00f2la.<\/p>\n\n\n\n<figure class=\"wp-block-gallery has-nested-images columns-default is-cropped wp-block-gallery-2 is-layout-flex wp-block-gallery-is-layout-flex\">\n<figure class=\"wp-block-image size-large\"><img loading=\"lazy\" decoding=\"async\" width=\"1600\" height=\"900\" data-id=\"582\" src=\"https:\/\/aici-ara.aprene.org\/wp-content\/uploads\/2022\/04\/PHOTO-2022-03-03-11-41-48.jpg\" alt=\"\" class=\"wp-image-582\" srcset=\"https:\/\/aici-ara.aprene.org\/wp-content\/uploads\/2022\/04\/PHOTO-2022-03-03-11-41-48.jpg 1600w, https:\/\/aici-ara.aprene.org\/wp-content\/uploads\/2022\/04\/PHOTO-2022-03-03-11-41-48-300x169.jpg 300w, https:\/\/aici-ara.aprene.org\/wp-content\/uploads\/2022\/04\/PHOTO-2022-03-03-11-41-48-1024x576.jpg 1024w, https:\/\/aici-ara.aprene.org\/wp-content\/uploads\/2022\/04\/PHOTO-2022-03-03-11-41-48-768x432.jpg 768w, https:\/\/aici-ara.aprene.org\/wp-content\/uploads\/2022\/04\/PHOTO-2022-03-03-11-41-48-1536x864.jpg 1536w, https:\/\/aici-ara.aprene.org\/wp-content\/uploads\/2022\/04\/PHOTO-2022-03-03-11-41-48-107x60.jpg 107w, https:\/\/aici-ara.aprene.org\/wp-content\/uploads\/2022\/04\/PHOTO-2022-03-03-11-41-48-840x473.jpg 840w\" sizes=\"auto, (max-width: 1600px) 100vw, 1600px\" \/><\/figure>\n\n\n\n<figure class=\"wp-block-image size-large\"><img loading=\"lazy\" decoding=\"async\" width=\"900\" height=\"1600\" data-id=\"581\" src=\"https:\/\/aici-ara.aprene.org\/wp-content\/uploads\/2022\/04\/PHOTO-2022-03-03-11-41-47.jpg\" alt=\"\" class=\"wp-image-581\" srcset=\"https:\/\/aici-ara.aprene.org\/wp-content\/uploads\/2022\/04\/PHOTO-2022-03-03-11-41-47.jpg 900w, https:\/\/aici-ara.aprene.org\/wp-content\/uploads\/2022\/04\/PHOTO-2022-03-03-11-41-47-169x300.jpg 169w, https:\/\/aici-ara.aprene.org\/wp-content\/uploads\/2022\/04\/PHOTO-2022-03-03-11-41-47-576x1024.jpg 576w, https:\/\/aici-ara.aprene.org\/wp-content\/uploads\/2022\/04\/PHOTO-2022-03-03-11-41-47-768x1365.jpg 768w, https:\/\/aici-ara.aprene.org\/wp-content\/uploads\/2022\/04\/PHOTO-2022-03-03-11-41-47-864x1536.jpg 864w, https:\/\/aici-ara.aprene.org\/wp-content\/uploads\/2022\/04\/PHOTO-2022-03-03-11-41-47-34x60.jpg 34w\" sizes=\"auto, (max-width: 900px) 100vw, 900px\" \/><\/figure>\n\n\n\n<figure class=\"wp-block-image size-large\"><img loading=\"lazy\" decoding=\"async\" width=\"900\" height=\"1600\" data-id=\"578\" src=\"https:\/\/aici-ara.aprene.org\/wp-content\/uploads\/2022\/04\/PHOTO-2022-03-03-11-41-47-1.jpg\" alt=\"\" class=\"wp-image-578\" srcset=\"https:\/\/aici-ara.aprene.org\/wp-content\/uploads\/2022\/04\/PHOTO-2022-03-03-11-41-47-1.jpg 900w, https:\/\/aici-ara.aprene.org\/wp-content\/uploads\/2022\/04\/PHOTO-2022-03-03-11-41-47-1-169x300.jpg 169w, https:\/\/aici-ara.aprene.org\/wp-content\/uploads\/2022\/04\/PHOTO-2022-03-03-11-41-47-1-576x1024.jpg 576w, https:\/\/aici-ara.aprene.org\/wp-content\/uploads\/2022\/04\/PHOTO-2022-03-03-11-41-47-1-768x1365.jpg 768w, https:\/\/aici-ara.aprene.org\/wp-content\/uploads\/2022\/04\/PHOTO-2022-03-03-11-41-47-1-864x1536.jpg 864w, https:\/\/aici-ara.aprene.org\/wp-content\/uploads\/2022\/04\/PHOTO-2022-03-03-11-41-47-1-34x60.jpg 34w\" sizes=\"auto, (max-width: 900px) 100vw, 900px\" \/><\/figure>\n\n\n\n<figure class=\"wp-block-image size-large\"><img loading=\"lazy\" decoding=\"async\" width=\"1599\" height=\"899\" data-id=\"594\" src=\"https:\/\/aici-ara.aprene.org\/wp-content\/uploads\/2022\/04\/PHOTO-2022-03-03-11-04-35-edited.jpg\" alt=\"\" class=\"wp-image-594\" srcset=\"https:\/\/aici-ara.aprene.org\/wp-content\/uploads\/2022\/04\/PHOTO-2022-03-03-11-04-35-edited.jpg 1599w, https:\/\/aici-ara.aprene.org\/wp-content\/uploads\/2022\/04\/PHOTO-2022-03-03-11-04-35-edited-300x169.jpg 300w, https:\/\/aici-ara.aprene.org\/wp-content\/uploads\/2022\/04\/PHOTO-2022-03-03-11-04-35-edited-1024x576.jpg 1024w, https:\/\/aici-ara.aprene.org\/wp-content\/uploads\/2022\/04\/PHOTO-2022-03-03-11-04-35-edited-768x432.jpg 768w, https:\/\/aici-ara.aprene.org\/wp-content\/uploads\/2022\/04\/PHOTO-2022-03-03-11-04-35-edited-1536x864.jpg 1536w, https:\/\/aici-ara.aprene.org\/wp-content\/uploads\/2022\/04\/PHOTO-2022-03-03-11-04-35-edited-107x60.jpg 107w, https:\/\/aici-ara.aprene.org\/wp-content\/uploads\/2022\/04\/PHOTO-2022-03-03-11-04-35-edited-840x473.jpg 840w\" sizes=\"auto, (max-width: 1599px) 100vw, 1599px\" \/><\/figure>\n\n\n\n<figure class=\"wp-block-image size-large\"><img loading=\"lazy\" decoding=\"async\" width=\"1152\" height=\"2048\" data-id=\"571\" src=\"https:\/\/aici-ara.aprene.org\/wp-content\/uploads\/2022\/04\/PHOTO-2022-03-03-10-59-36-1.jpg\" alt=\"\" class=\"wp-image-571\" srcset=\"https:\/\/aici-ara.aprene.org\/wp-content\/uploads\/2022\/04\/PHOTO-2022-03-03-10-59-36-1.jpg 1152w, https:\/\/aici-ara.aprene.org\/wp-content\/uploads\/2022\/04\/PHOTO-2022-03-03-10-59-36-1-169x300.jpg 169w, https:\/\/aici-ara.aprene.org\/wp-content\/uploads\/2022\/04\/PHOTO-2022-03-03-10-59-36-1-576x1024.jpg 576w, https:\/\/aici-ara.aprene.org\/wp-content\/uploads\/2022\/04\/PHOTO-2022-03-03-10-59-36-1-768x1365.jpg 768w, https:\/\/aici-ara.aprene.org\/wp-content\/uploads\/2022\/04\/PHOTO-2022-03-03-10-59-36-1-864x1536.jpg 864w, https:\/\/aici-ara.aprene.org\/wp-content\/uploads\/2022\/04\/PHOTO-2022-03-03-10-59-36-1-34x60.jpg 34w\" sizes=\"auto, (max-width: 1152px) 100vw, 1152px\" \/><\/figure>\n<\/figure>\n","protected":false},"excerpt":{"rendered":"<p>En debuta d\u2019annada escolara la n\u00f2stra c\u00f2la prengu\u00e8t la decision de far un bl\u00f2g pusl\u00e8u qu&rsquo;un jornal papi\u00e8r per causa de manca de temps dins &hellip; <\/p>\n","protected":false},"author":8,"featured_media":576,"comment_status":"open","ping_status":"open","sticky":false,"template":"","format":"standard","meta":{"footnotes":""},"categories":[3,12],"tags":[],"class_list":["post-590","post","type-post","status-publish","format-standard","has-post-thumbnail","hentry","category-articles","category-produccion-de-cola"],"_links":{"self":[{"href":"https:\/\/aici-ara.aprene.org\/index.php\/wp-json\/wp\/v2\/posts\/590","targetHints":{"allow":["GET"]}}],"collection":[{"href":"https:\/\/aici-ara.aprene.org\/index.php\/wp-json\/wp\/v2\/posts"}],"about":[{"href":"https:\/\/aici-ara.aprene.org\/index.php\/wp-json\/wp\/v2\/types\/post"}],"author":[{"embeddable":true,"href":"https:\/\/aici-ara.aprene.org\/index.php\/wp-json\/wp\/v2\/users\/8"}],"replies":[{"embeddable":true,"href":"https:\/\/aici-ara.aprene.org\/index.php\/wp-json\/wp\/v2\/comments?post=590"}],"version-history":[{"count":2,"href":"https:\/\/aici-ara.aprene.org\/index.php\/wp-json\/wp\/v2\/posts\/590\/revisions"}],"predecessor-version":[{"id":611,"href":"https:\/\/aici-ara.aprene.org\/index.php\/wp-json\/wp\/v2\/posts\/590\/revisions\/611"}],"wp:featuredmedia":[{"embeddable":true,"href":"https:\/\/aici-ara.aprene.org\/index.php\/wp-json\/wp\/v2\/media\/576"}],"wp:attachment":[{"href":"https:\/\/aici-ara.aprene.org\/index.php\/wp-json\/wp\/v2\/media?parent=590"}],"wp:term":[{"taxonomy":"category","embeddable":true,"href":"https:\/\/aici-ara.aprene.org\/index.php\/wp-json\/wp\/v2\/categories?post=590"},{"taxonomy":"post_tag","embeddable":true,"href":"https:\/\/aici-ara.aprene.org\/index.php\/wp-json\/wp\/v2\/tags?post=590"}],"curies":[{"name":"wp","href":"https:\/\/api.w.org\/{rel}","templated":true}]}}