{"id":472,"date":"2022-03-31T11:34:13","date_gmt":"2022-03-31T09:34:13","guid":{"rendered":"https:\/\/jornal.aprene.org\/Aici-ara\/?p=472"},"modified":"2022-03-31T11:35:18","modified_gmt":"2022-03-31T09:35:18","slug":"los-nostres-jorns-uroses","status":"publish","type":"post","link":"https:\/\/aici-ara.aprene.org\/index.php\/2022\/03\/31\/los-nostres-jorns-uroses\/","title":{"rendered":"Los n\u00f2stres jorns uroses"},"content":{"rendered":"\n<p><\/p>\n\n\n\n<p><em>Los n\u00f2stres jorns uroses <\/em>es un film franc\u00e9s realizat per Olivi\u00e8r Nakache e Eric Toledano que sortigu\u00e8t en 2006.<\/p>\n\n\n\n<p>A l\u2019estiu 1992, Vincent Rosseau mena pel primi\u00e8r c\u00f2p una colonia de vacan\u00e7as e se trapa l\u00e8u confrontat a las dificultats que l\u00e8va aqueste trabalh, deu gerir d\u2019enfants tissoses, d\u2019animators pas gaire professionals, las activitats d\u2019organizar, la gestion dels menuts e d\u2019autres probl\u00e8mas. La colonia se va pas debanar coma \u00e7\u00f2 previst&#8230;<\/p>\n\n\n\n<ul class=\"wp-block-list\"><li>Vaqu\u00ed qualques citacions que pod\u00e8tz trapar :<\/li><\/ul>\n\n\n\n<div style=\"height:26px\" aria-hidden=\"true\" class=\"wp-block-spacer\"><\/div>\n\n\n\n<p>\u00ab Digatz-me, coss\u00ed sab\u00e8m se los enfants son plan arribats ?<\/p>\n\n\n\n<p>-Alavetz, vos prepausi d\u2019escotar la r\u00e0dio, de costuma se parlan quand i a d\u2019accidents.\u00bb<\/p>\n\n\n\n<div style=\"height:34px\" aria-hidden=\"true\" class=\"wp-block-spacer\"><\/div>\n\n\n\n<p>\u00ab Me peta un pauc las avelanas Guilh\u00e8m amb sas questions colhas ! \u00bb<\/p>\n\n\n\n<div style=\"height:33px\" aria-hidden=\"true\" class=\"wp-block-spacer\"><\/div>\n\n\n\n<p> \u00ab Ai pas de lei\u00e7ons de re\u00e7aupre d\u2019un tais qu\u2019a lo sens de las responsabilitats tant coma lo d\u2019un gavian ! \u00bb<\/p>\n\n\n\n<p>\u00ab Melania se es per dire de bestiesas pari\u00e8ras, val melhor que tampes ta boca, macar\u00e8l !\u00bb<\/p>\n\n\n\n<div style=\"height:34px\" aria-hidden=\"true\" class=\"wp-block-spacer\"><\/div>\n\n\n\n<p>\u00ab Si\u00e1s lo rei dels pi\u00f2ts al pa\u00eds dels romegaires ! \u00bb<\/p>\n\n\n\n<div style=\"height:34px\" aria-hidden=\"true\" class=\"wp-block-spacer\"><\/div>\n\n\n\n<p>\u00ab Se sortiss\u00e8m los dets del cuol ! \u00bb<\/p>\n\n\n\n<div style=\"height:34px\" aria-hidden=\"true\" class=\"wp-block-spacer\"><\/div>\n\n\n\n<p>\u00ab Me cagas dins las b\u00f2tas Guilh\u00e8m \u00bb<\/p>\n\n\n\n<div style=\"height:34px\" aria-hidden=\"true\" class=\"wp-block-spacer\"><\/div>\n\n\n\n<p>&#8211; Lo prengas pas mal Milena mas pensi pas qu\u2019auri\u00e1i acceptat&#8230; M\u2019agrada mai que demor\u00e8ssem amics. \u00bb<\/p>\n\n\n\n<p>\u00ab -Sabes, a ton atge, fogu\u00e8sse a la colonia, m\u2019auri\u00e1 agradat d\u2019\u00e8sser amb tu.<\/p>\n\n\n\n<div style=\"height:34px\" aria-hidden=\"true\" class=\"wp-block-spacer\"><\/div>\n\n\n\n<p>\u00ab -Diga-me Milena&#8230; Eu, sus aquesta rota aqu\u00ed, creses que i agu\u00e8t quant d\u2019accidents de carris, ongan ?<\/p>\n\n\n\n<p>-Diga, Melania, p\u00f2des dire al jove rompa-cuol qu\u2019arr\u00e8ste de los me brigalhar aqu\u00ed ! \u00bb<\/p>\n\n\n\n<div style=\"height:34px\" aria-hidden=\"true\" class=\"wp-block-spacer\"><\/div>\n\n\n\n<p>\u00ab Ont son las claus ? Son dins ton c&#8230; \u00bb<\/p>\n\n\n\n<div style=\"height:34px\" aria-hidden=\"true\" class=\"wp-block-spacer\"><\/div>\n\n\n\n<p>\u00ab -Vau tornar alucar lo fu\u00f2c&#8230;<\/p>\n\n\n\n<p>-Non pas, freta-te las dents d&rsquo;en primi\u00e8r !<\/p>\n\n\n\n<p>-D\u2019ac\u00f2rdi.<\/p>\n\n\n\n<p>-Freta plan Guilh\u00e8m !!! \u00bb<\/p>\n\n\n\n<div style=\"height:34px\" aria-hidden=\"true\" class=\"wp-block-spacer\"><\/div>\n\n\n\n<p>\u00ab -Alara, de qu\u00e9 av\u00e8tz pensat dels corses d\u2019equitacion ?<\/p>\n\n\n\n<p>-Aqu\u00f2 fa mal al cuol ! \u00bb<\/p>\n\n\n\n<div style=\"height:34px\" aria-hidden=\"true\" class=\"wp-block-spacer\"><\/div>\n\n\n\n<p>\u00ab -Non, mas esperatz soi P\u00e8ire Emmanu\u00e8l Pichavent.<\/p>\n\n\n\n<p>-Es pas una question de pichon nom! Sortiss\u00e8tz del trin. \u00bb<\/p>\n\n\n\n<div style=\"height:34px\" aria-hidden=\"true\" class=\"wp-block-spacer\"><\/div>\n\n\n\n<p>\u00ab Fa m\u00e8fi, de c\u00f2ps que i a, venes vulgara. \u00bb<\/p>\n\n\n\n<div style=\"height:34px\" aria-hidden=\"true\" class=\"wp-block-spacer\"><\/div>\n\n\n\n<p>NDA : Aqu\u00f2 nos fagu\u00e8t rire quitament escacalassar de nos projectar atal dins tala situacion en tot nos metre en sc\u00e8na.<\/p>\n\n\n\n<div style=\"height:34px\" aria-hidden=\"true\" class=\"wp-block-spacer\"><\/div>\n\n\n\n<p class=\"has-text-align-right\">Guilh\u00e8m Arbi\u00f2l, Melania Issartier, Milena Galini\u00e8r e la c\u00f2la<\/p>\n\n\n\n<div style=\"height:100px\" aria-hidden=\"true\" class=\"wp-block-spacer\"><\/div>\n","protected":false},"excerpt":{"rendered":"<p>Los n\u00f2stres jorns uroses es un film franc\u00e9s realizat per Olivi\u00e8r Nakache e Eric Toledano que sortigu\u00e8t en 2006. A l\u2019estiu 1992, Vincent Rosseau mena &hellip; <\/p>\n","protected":false},"author":3,"featured_media":494,"comment_status":"open","ping_status":"open","sticky":false,"template":"","format":"standard","meta":{"footnotes":""},"categories":[3,4],"tags":[],"class_list":["post-472","post","type-post","status-publish","format-standard","has-post-thumbnail","hentry","category-articles","category-cultura"],"_links":{"self":[{"href":"https:\/\/aici-ara.aprene.org\/index.php\/wp-json\/wp\/v2\/posts\/472","targetHints":{"allow":["GET"]}}],"collection":[{"href":"https:\/\/aici-ara.aprene.org\/index.php\/wp-json\/wp\/v2\/posts"}],"about":[{"href":"https:\/\/aici-ara.aprene.org\/index.php\/wp-json\/wp\/v2\/types\/post"}],"author":[{"embeddable":true,"href":"https:\/\/aici-ara.aprene.org\/index.php\/wp-json\/wp\/v2\/users\/3"}],"replies":[{"embeddable":true,"href":"https:\/\/aici-ara.aprene.org\/index.php\/wp-json\/wp\/v2\/comments?post=472"}],"version-history":[{"count":20,"href":"https:\/\/aici-ara.aprene.org\/index.php\/wp-json\/wp\/v2\/posts\/472\/revisions"}],"predecessor-version":[{"id":495,"href":"https:\/\/aici-ara.aprene.org\/index.php\/wp-json\/wp\/v2\/posts\/472\/revisions\/495"}],"wp:featuredmedia":[{"embeddable":true,"href":"https:\/\/aici-ara.aprene.org\/index.php\/wp-json\/wp\/v2\/media\/494"}],"wp:attachment":[{"href":"https:\/\/aici-ara.aprene.org\/index.php\/wp-json\/wp\/v2\/media?parent=472"}],"wp:term":[{"taxonomy":"category","embeddable":true,"href":"https:\/\/aici-ara.aprene.org\/index.php\/wp-json\/wp\/v2\/categories?post=472"},{"taxonomy":"post_tag","embeddable":true,"href":"https:\/\/aici-ara.aprene.org\/index.php\/wp-json\/wp\/v2\/tags?post=472"}],"curies":[{"name":"wp","href":"https:\/\/api.w.org\/{rel}","templated":true}]}}