{"id":458,"date":"2022-03-31T10:17:29","date_gmt":"2022-03-31T08:17:29","guid":{"rendered":"https:\/\/jornal.aprene.org\/Aici-ara\/?p=458"},"modified":"2022-03-31T10:26:08","modified_gmt":"2022-03-31T08:26:08","slug":"conta-me-encara-una-istoria","status":"publish","type":"post","link":"https:\/\/aici-ara.aprene.org\/index.php\/2022\/03\/31\/conta-me-encara-una-istoria\/","title":{"rendered":"Conta-me encara una ist\u00f2ria"},"content":{"rendered":"\n<p>A cada c\u00f2p qu\u2019ai l\u2019escasen\u00e7a d\u2019anar passar de temps dins l\u2019ostal de familha, me p\u00f2di pas empachar de remirar la bibliot\u00e8ca del salon. Aquela me semblava vertadi\u00e8rament giganta quand \u00e8ri pichoneta. I se p\u00f2t trapar quantitat de libres de tota mena. De segur d\u2019enciclop\u00e8dias, d\u2019atlasses, e autres diccionaris mas tanben de libres que trachan d\u2019auc\u00e8ls, las plantas d\u2019aqu\u00ed e d\u2019endac\u00f2m mai, los campair\u00f2ls, la vinha e mantun autre encara. Se tr\u00f2ban aqu\u00ed los grands classics de la literatura francesa, d\u2019Apolinaire cap a Zol\u00e0, totes los grands escrivans i son presents. Tot aqu\u00f2 representava un vertadi\u00e8r petit tresaur per mos u\u00e8lhs de filheta. Ara que soi adulta, mesuri l\u2019astre qu\u2019agu\u00e8ri d\u2019aver acc\u00e8s a tant de meravilhas. <br>\u00c7\u00f2 que me men\u00e8t a m\u2019i clinar un c\u00f2p de mai, es la c\u00e8rca de libres pels mainatges, e en particular los contes. Cal dire qu\u2019\u00e8ra pas \u00e7\u00f2 que mancava  a l\u2019ostal, los contes. Mas aqueste c\u00f2p avi\u00e1i enveja de ne trapar un que coneissi\u00e1i pas encara, amb per esp\u00e8r de descobrir una polida ist\u00f2ria a partejar en classa. Per trapar la p\u00e8rla rara, causigu\u00e8ri de portar mon agach suls libres ancians. Fragilizats pel temps que passa, son pla\u00e7ats sus las laissas nautas, segurament per los protegir de man\u00f2tas pas totjorn delicadas e de lor enveja irrepressibla de colorar o fresilhar qualques fu\u00e8lhs.<br>La curiositat me men\u00e8t a dobrir l\u2019ABC Petits Contes per Jules Lema\u00eetre.  Aquel obratge que data de 1919 piqu\u00e8t clarament ma curiositat. Quina emocion  alara de me dire que fogu\u00e8t segurament un libre que bre\u00e7ava mon paire e mon grand quand \u00e8ran pichonets. Descobrigu\u00e8ri d\u2019ist\u00f2rias polidetas e aital fagu\u00e8ri la causida de revirar en occitan la que me pertocava lo mai. <br>Vaqu\u00ed, la vos daissi descobrir \u00e7ai-jos, en esperant que vos agradar\u00e0 tant coma a ieu.<br><br>S coma &#8230; Sap<br><br>I avi\u00e1 un sapinon que somiava d\u2019\u00e8sser un mast de naviri per fin de viatjar e d\u2019agachar lo monde. Quand fogu\u00e8t grand, l\u2019abat\u00e8ron, lo desrusqu\u00e8ron, e vengu\u00e8t, segon son v\u00f2t&nbsp;: grand mast sus una fregata.<br>Mas se languissi\u00e1 de la longor e de la monotonia de las traversadas.<br>\u00ab&nbsp;A&nbsp;! se disi\u00e1, coma fasi\u00e1 bon dins ma for\u00e8st natala&nbsp;! I avi\u00e1 de mossa a mos p\u00e8s e de c\u00f2ps, de nises, dins mas brancas&nbsp;; e los enfantons amassavan mas agulhas, e sovent dan\u00e7avan de rondas en cantant a l\u2019entorn de mon tronc. E ara soi tot sec, tot nud e tot sol. A&nbsp;! Agu\u00e8sse sauput&nbsp;! Agu\u00e8sse solament poscut \u00e8sser mast de cocanha !&nbsp;\u00bb<br>E sospir\u00e8t tan f\u00f2rt, que totes los cordatges ne pet\u00e8ron. Mas a aquel moment una volada d\u2019irondas pass\u00e8t en dess\u00fas de la mar. Veni\u00e1n dels paises del n\u00f2rd e se n\u2019anavan en Egipte. Daval\u00e8ron sul naviri e se paus\u00e8ron sul mast, que cobrigu\u00e8ron quasi enti\u00e8rament de lors alas. Lo mast ausigu\u00e8t lors quites pich\u00f2ts c\u00f2rs batre, e lors plumas que lo fregavan fasi\u00e1n tal coma un brusiment de fu\u00e8lhas. Escotava \u00e7\u00f2 que disi\u00e1n entre elas. Parlavan justament de son pa\u00eds, d\u2019ont veni\u00e1n. E lo paure sap se sentigu\u00e8t tant ur\u00f3s, que s\u2019endormigu\u00e8t en se figurant que l\u2019agu\u00e8sson tornat menar dins sa for\u00e8st.<br><br>Jules Lema\u00eetre<br>\u00ab\u00a0ABC Petits Contes\u00a0\u00bb<br><br>Julia Pastor e la c\u00f2la <br><\/p>\n\n\n\n<figure class=\"wp-block-gallery aligncenter has-nested-images columns-default is-cropped wp-block-gallery-1 is-layout-flex wp-block-gallery-is-layout-flex\"><\/figure>\n\n\n\n<div class=\"wp-block-media-text alignwide is-stacked-on-mobile\"><figure class=\"wp-block-media-text__media\"><\/figure><div class=\"wp-block-media-text__content\">\n<p class=\"has-large-font-size\"><\/p>\n<\/div><\/div>\n","protected":false},"excerpt":{"rendered":"<p>A cada c\u00f2p qu\u2019ai l\u2019escasen\u00e7a d\u2019anar passar de temps dins l\u2019ostal de familha, me p\u00f2di pas empachar de remirar la bibliot\u00e8ca del salon. Aquela me &hellip; <\/p>\n","protected":false},"author":7,"featured_media":467,"comment_status":"open","ping_status":"open","sticky":false,"template":"","format":"standard","meta":{"footnotes":""},"categories":[4],"tags":[],"class_list":["post-458","post","type-post","status-publish","format-standard","has-post-thumbnail","hentry","category-cultura"],"_links":{"self":[{"href":"https:\/\/aici-ara.aprene.org\/index.php\/wp-json\/wp\/v2\/posts\/458","targetHints":{"allow":["GET"]}}],"collection":[{"href":"https:\/\/aici-ara.aprene.org\/index.php\/wp-json\/wp\/v2\/posts"}],"about":[{"href":"https:\/\/aici-ara.aprene.org\/index.php\/wp-json\/wp\/v2\/types\/post"}],"author":[{"embeddable":true,"href":"https:\/\/aici-ara.aprene.org\/index.php\/wp-json\/wp\/v2\/users\/7"}],"replies":[{"embeddable":true,"href":"https:\/\/aici-ara.aprene.org\/index.php\/wp-json\/wp\/v2\/comments?post=458"}],"version-history":[{"count":5,"href":"https:\/\/aici-ara.aprene.org\/index.php\/wp-json\/wp\/v2\/posts\/458\/revisions"}],"predecessor-version":[{"id":470,"href":"https:\/\/aici-ara.aprene.org\/index.php\/wp-json\/wp\/v2\/posts\/458\/revisions\/470"}],"wp:featuredmedia":[{"embeddable":true,"href":"https:\/\/aici-ara.aprene.org\/index.php\/wp-json\/wp\/v2\/media\/467"}],"wp:attachment":[{"href":"https:\/\/aici-ara.aprene.org\/index.php\/wp-json\/wp\/v2\/media?parent=458"}],"wp:term":[{"taxonomy":"category","embeddable":true,"href":"https:\/\/aici-ara.aprene.org\/index.php\/wp-json\/wp\/v2\/categories?post=458"},{"taxonomy":"post_tag","embeddable":true,"href":"https:\/\/aici-ara.aprene.org\/index.php\/wp-json\/wp\/v2\/tags?post=458"}],"curies":[{"name":"wp","href":"https:\/\/api.w.org\/{rel}","templated":true}]}}