{"id":457,"date":"2022-03-31T10:25:36","date_gmt":"2022-03-31T08:25:36","guid":{"rendered":"https:\/\/jornal.aprene.org\/Aici-ara\/?p=457"},"modified":"2022-03-31T10:25:38","modified_gmt":"2022-03-31T08:25:38","slug":"carnaval-calandreta-pau-lo-11-de-heurer-de-2022","status":"publish","type":"post","link":"https:\/\/aici-ara.aprene.org\/index.php\/2022\/03\/31\/carnaval-calandreta-pau-lo-11-de-heurer-de-2022\/","title":{"rendered":"Carnaval Calandreta PAU \u2013 lo 11 de heur\u00e8r de 2022"},"content":{"rendered":"\n<p class=\"has-text-align-left\">Ua annada mei shens hestejar Carnaval ? Nani ! A l\u2019esc\u00f2la paulina, lo mot qu\u2019\u00e8ra en totas las bocas despuish ua b\u00e8ra pausa.<br>L\u2019efervesc\u00e9ncia que comenc\u00e8 dej\u00e0 en comen\u00e7ar de setmana, lo t\u00e8mi qu\u2019est\u00f3 causit : augan, lo carnaval que ser\u00e9 roi e jaune ! Los calandrons que has\u00f3n mustra d\u2019ua gran imaginacion. Suber er\u00f2is, ninj\u00e0s, parpalhons, princessas, caval\u00e8rs, pompi\u00e8rs, dontaires de herums e tanben las pastilhas h\u00e8ra conegudas dab chocolat e cacau\u00e8t. Dab los de GS e CP que fabriqu\u00e8m marac\u00e0s, rojas e jaunas ent\u00e0 poder har un drin de brut.<br>La ploja que\u2019s convid\u00e8 a la h\u00e8sta, mes, nat chepic, qu\u2019esper\u00e8m ua esclarida lo vr\u00e8spe, dab paci\u00e9ncia, t\u00e0&rsquo;n poder profieitar com cau. A tres \u00f2ras, los bancs qu\u2019\u00e8ran installats a la cort e lo Sent-Pan\u00e7ard de carton pr\u00e8st t\u00e0 la cremacion. Los calandrons que s\u2019assed\u00f3n a mesura en esperar l\u2019arribada deu fam\u00f3s personatge. Los de CM1 e CM2 qu\u2019aprest\u00e8n lo proc\u00e8s: lo jutge, los avocats, los gendarmas, Sent-Pan\u00e7ard, Carronha, que i \u00e8ran tots. Per torn, los avocats de l\u2019acusacion que fustigu\u00e8n lo copable presumit. Que l\u2019arcast\u00e8n mantun mau : la Covid, lo praub\u00e8r, la pollucion deu planeta&#8230; L\u2019acusat  qu\u2019ensag\u00e8 de\u2019s def\u00e9ner dab l\u2019ajuda de l\u2019avocat de la defensa, mes ne s\u2019i escad\u00f3 pas e que s\u2019estim\u00e8 mei d\u2019escap\u00e0\u2019s. Que s\u2019ensegu\u00ed ua corruda dab Sent-Pan\u00e7ard e los gendarmas qui ensag\u00e8n de gah\u00e0\u2019u, devath los crits e las esclaqueradas deus mainats. Lo proc\u00e8s qu\u2019est\u00f3 plan aprestat peus calandrons e la lor prestacion qu\u2019est\u00f3 saludada peu public.<br>Qu\u2019assistim a la tradicionau cremacion de Sent-Pan\u00e7ard, la de la soa reproduccion de carton, plan segur. Qu\u2019\u00e8ra plan installat suu lheit, connectat au son ordinator. Un ber\u00f2i tribalh deus calandrons e deus animators periescolars. Lo copable que s\u2019esvan\u00ed com hum dab los chepics deus mainats escriuts sus tr\u00f2\u00e7 de pap\u00e8r. Quauques cantas que clav\u00e8n aqueth vr\u00e8spe hestiu. Carnaval que ns&rsquo;auher\u00ed  ua b\u00e8ra bohada !<br><\/p>\n\n\n\n<div class=\"wp-block-image\"><figure class=\"aligncenter size-full is-resized\"><img loading=\"lazy\" decoding=\"async\" src=\"https:\/\/aici-ara.aprene.org\/wp-content\/uploads\/2022\/03\/1648573086332.jpg\" alt=\"\" class=\"wp-image-466\" width=\"290\" height=\"387\" srcset=\"https:\/\/aici-ara.aprene.org\/wp-content\/uploads\/2022\/03\/1648573086332.jpg 706w, https:\/\/aici-ara.aprene.org\/wp-content\/uploads\/2022\/03\/1648573086332-225x300.jpg 225w, https:\/\/aici-ara.aprene.org\/wp-content\/uploads\/2022\/03\/1648573086332-45x60.jpg 45w\" sizes=\"auto, (max-width: 290px) 100vw, 290px\" \/><figcaption>La cremacion de Sent-Pan\u00e7ard e suber regenta<\/figcaption><\/figure><\/div>\n\n\n\n<p class=\"has-text-align-left\"><br>Sandrina Rei e la c\u00f2la<\/p>\n","protected":false},"excerpt":{"rendered":"<p>Ua annada mei shens hestejar Carnaval ? Nani ! A l\u2019esc\u00f2la paulina, lo mot qu\u2019\u00e8ra en totas las bocas despuish ua b\u00e8ra pausa.L\u2019efervesc\u00e9ncia que comenc\u00e8 &hellip; <\/p>\n","protected":false},"author":9,"featured_media":454,"comment_status":"open","ping_status":"open","sticky":false,"template":"","format":"standard","meta":{"footnotes":""},"categories":[3,4],"tags":[],"class_list":["post-457","post","type-post","status-publish","format-standard","has-post-thumbnail","hentry","category-articles","category-cultura"],"_links":{"self":[{"href":"https:\/\/aici-ara.aprene.org\/index.php\/wp-json\/wp\/v2\/posts\/457","targetHints":{"allow":["GET"]}}],"collection":[{"href":"https:\/\/aici-ara.aprene.org\/index.php\/wp-json\/wp\/v2\/posts"}],"about":[{"href":"https:\/\/aici-ara.aprene.org\/index.php\/wp-json\/wp\/v2\/types\/post"}],"author":[{"embeddable":true,"href":"https:\/\/aici-ara.aprene.org\/index.php\/wp-json\/wp\/v2\/users\/9"}],"replies":[{"embeddable":true,"href":"https:\/\/aici-ara.aprene.org\/index.php\/wp-json\/wp\/v2\/comments?post=457"}],"version-history":[{"count":2,"href":"https:\/\/aici-ara.aprene.org\/index.php\/wp-json\/wp\/v2\/posts\/457\/revisions"}],"predecessor-version":[{"id":469,"href":"https:\/\/aici-ara.aprene.org\/index.php\/wp-json\/wp\/v2\/posts\/457\/revisions\/469"}],"wp:featuredmedia":[{"embeddable":true,"href":"https:\/\/aici-ara.aprene.org\/index.php\/wp-json\/wp\/v2\/media\/454"}],"wp:attachment":[{"href":"https:\/\/aici-ara.aprene.org\/index.php\/wp-json\/wp\/v2\/media?parent=457"}],"wp:term":[{"taxonomy":"category","embeddable":true,"href":"https:\/\/aici-ara.aprene.org\/index.php\/wp-json\/wp\/v2\/categories?post=457"},{"taxonomy":"post_tag","embeddable":true,"href":"https:\/\/aici-ara.aprene.org\/index.php\/wp-json\/wp\/v2\/tags?post=457"}],"curies":[{"name":"wp","href":"https:\/\/api.w.org\/{rel}","templated":true}]}}