{"id":416,"date":"2022-02-03T11:04:01","date_gmt":"2022-02-03T10:04:01","guid":{"rendered":"https:\/\/jornal.aprene.org\/Aici-ara\/?p=416"},"modified":"2022-02-03T18:28:23","modified_gmt":"2022-02-03T17:28:23","slug":"versalhas-tiratz-vos-brageirac-arriba","status":"publish","type":"post","link":"https:\/\/aici-ara.aprene.org\/index.php\/2022\/02\/03\/versalhas-tiratz-vos-brageirac-arriba\/","title":{"rendered":"Versalhas, tiratz-vos Brageirac arriba !"},"content":{"rendered":"\n<p>Venceires del terren de Peireg\u00fas 1 a 0 en ochena de finala, Brageirac balha una partida abotida contra una c\u00f2la stefanenca sens creativitat ofensiva. Los verds capitan pas de trapar lo camin del fialat e s\u2019ensorran. \u00c7\u00f2 pari\u00e8r en campionat, dins una partida tancada que mestrejan lo balon mas capitan pas de tafurar una defensa Brageiraguesa en pla\u00e7a, menada per Yoann Wachter en b\u00e8la forma la partida tota.<\/p>\n\n\n\n<p>Meteis scenari al retorn dels vestiaris, lo gardian Pierre Laborde-Turon s\u2019illustra amb d\u2019arr\u00e8sts somptuoses, el qu\u2019a totjorn pas pres lo mendre g\u00f2l apr\u00e8p u\u00e8it encontras pendent aquesta copa de Fran\u00e7a. La partida s\u2019estramb\u00f2rda a la 76ena minuta, Camara capita pas de desempachar corr\u00e8ctament lo balon que dem\u00f2ra dins la susf\u00e0cia de reparacion, l\u2019intrant Romain Escarpit ne profeita e dubr\u00eds la marca pel BPF&nbsp;(1-0, 76<sup>ena<\/sup>). Moment d&rsquo;immensa j\u00f2ia e de partatge entre lo public vengut en nombre. Una lusor d\u2019esper&nbsp;se perfila e balha d\u2019alas a l\u2019equipa. Brageiraqueses multiplican las escasen\u00e7as d\u2019agravar lo resultat. Romain Escarpit, encara, apr\u00e8s aver escafat&nbsp;Paul Bernardoni, arriba pas de clavar a qualques m\u00e8tres dels fialats. A la 90ena minuta, Tressens redrei\u00e7a pas sufisentament sa t\u00f2ca. Los stefanencs semblan cansats f\u00e0cia a l\u2019equipa soudada e collectiva.&nbsp;<\/p>\n\n\n\n<p>Que de fresiments dins aquesta fin de partida clafida de suspens ! Los peiregordins s\u2019empreissan en quart e jonhon al torn seguent Versalhas !<\/p>\n\n\n\n<p><strong>Composicions :<\/strong>&nbsp;<\/p>\n\n\n\n<p><em>Brageirac<\/em> (4-3-3) :&nbsp;Laborde &#8211; Ducros, Leti\u00e9vant, Mingoua, Wachter &#8211; Elissalt, Fachan, Dumai (Gyeboaho, 85<sup>e<\/sup>) &#8211; Sahibeddine (Tressens, 75<sup>e<\/sup>), Bakir (Escarpit, 68<sup>e<\/sup>), M&rsquo;laab (Beltran, 68<sup>e<\/sup>).<\/p>\n\n\n\n<p>Entrainaire :&nbsp;Erwan Lannuzel.<\/p>\n\n\n\n<p><em>Sant-Est\u00e8ve<\/em> (3-4-3) :&nbsp;Bernardoni &#8211; Nad\u00e9, Kolodziejczak, Camara &#8211; Ma\u00e7on (Benkhedim, 84<sup>e<\/sup>), Diousse (Thioub, 67<sup>e<\/sup>), Gourna (Nordin, 46<sup>e<\/sup>), Youssouf (Dieye, 79<sup>e<\/sup>), Diousse &#8211; Aouchiche (Moueffek, 67<sup>e<\/sup>), Boudebouz, Bouanga.&nbsp;<\/p>\n\n\n\n<p>Entrainaire :&nbsp;Pascal Dupraz.&nbsp;<\/p>\n\n\n\n<p>Melania Issartier e la c\u00f2la.<\/p>\n","protected":false},"excerpt":{"rendered":"<p>L&rsquo;epop\u00e8a Brageiraguesa (nacionala 2) contunha e fila en quart en eliminant Sant Est\u00e8ve (liga 1), en ochena de finala de la copa de Fran\u00e7a, dimenge 30 de geni\u00e8r (1-0), levat tres divisions que los desseparan.<\/p>\n","protected":false},"author":5,"featured_media":396,"comment_status":"open","ping_status":"open","sticky":false,"template":"","format":"standard","meta":{"footnotes":""},"categories":[3,11],"tags":[],"class_list":["post-416","post","type-post","status-publish","format-standard","has-post-thumbnail","hentry","category-articles","category-esport"],"_links":{"self":[{"href":"https:\/\/aici-ara.aprene.org\/index.php\/wp-json\/wp\/v2\/posts\/416","targetHints":{"allow":["GET"]}}],"collection":[{"href":"https:\/\/aici-ara.aprene.org\/index.php\/wp-json\/wp\/v2\/posts"}],"about":[{"href":"https:\/\/aici-ara.aprene.org\/index.php\/wp-json\/wp\/v2\/types\/post"}],"author":[{"embeddable":true,"href":"https:\/\/aici-ara.aprene.org\/index.php\/wp-json\/wp\/v2\/users\/5"}],"replies":[{"embeddable":true,"href":"https:\/\/aici-ara.aprene.org\/index.php\/wp-json\/wp\/v2\/comments?post=416"}],"version-history":[{"count":5,"href":"https:\/\/aici-ara.aprene.org\/index.php\/wp-json\/wp\/v2\/posts\/416\/revisions"}],"predecessor-version":[{"id":434,"href":"https:\/\/aici-ara.aprene.org\/index.php\/wp-json\/wp\/v2\/posts\/416\/revisions\/434"}],"wp:featuredmedia":[{"embeddable":true,"href":"https:\/\/aici-ara.aprene.org\/index.php\/wp-json\/wp\/v2\/media\/396"}],"wp:attachment":[{"href":"https:\/\/aici-ara.aprene.org\/index.php\/wp-json\/wp\/v2\/media?parent=416"}],"wp:term":[{"taxonomy":"category","embeddable":true,"href":"https:\/\/aici-ara.aprene.org\/index.php\/wp-json\/wp\/v2\/categories?post=416"},{"taxonomy":"post_tag","embeddable":true,"href":"https:\/\/aici-ara.aprene.org\/index.php\/wp-json\/wp\/v2\/tags?post=416"}],"curies":[{"name":"wp","href":"https:\/\/api.w.org\/{rel}","templated":true}]}}