{"id":242,"date":"2021-11-26T12:32:40","date_gmt":"2021-11-26T11:32:40","guid":{"rendered":"https:\/\/jornal.aprene.org\/Aici-ara\/?p=242"},"modified":"2021-11-30T16:35:19","modified_gmt":"2021-11-30T15:35:19","slug":"un-cop-era-alan-roch-un-revolum-de-mots-daventuras-granadas-e-esmoventas","status":"publish","type":"post","link":"https:\/\/aici-ara.aprene.org\/index.php\/2021\/11\/26\/un-cop-era-alan-roch-un-revolum-de-mots-daventuras-granadas-e-esmoventas\/","title":{"rendered":"Un c\u00f2p \u00e8ra Alan Roch\u00a0: un revolum de mots, d&rsquo;aventuras granadas e esmoventas !"},"content":{"rendered":"\n<p>Entre lo \u00abun c\u00f2p \u00e8ra\u00bb&nbsp;e&nbsp;lo&nbsp;\u00abe&nbsp;cric e crac\u00bb&nbsp;la&nbsp;n\u00f2stra c\u00f2la APRENE 1 se daiss\u00e8t&nbsp;completament&nbsp;emportar per&nbsp;aquel \u00f2me embelinaire&nbsp;!<\/p>\n\n\n\n<p>Per&nbsp;acabar&nbsp;n\u00f2stra&nbsp;setmana \u00abLenga e&nbsp;cultura\u00bb especiala&nbsp;literatura&nbsp;occitana, es sus sas t\u00e8rras&nbsp;mairalas&nbsp;qu\u2019Alan Roch nos a re\u00e7auputs&nbsp;al dintre&nbsp;del&nbsp;l\u2019Ostal Sirvent\u00e9s,&nbsp;del&nbsp;s\u00e8ti de l\u2019IEO Aude&nbsp;(Institut d\u2019Estudis Occitans d\u2019Aude).&nbsp;Un moment f\u00f2ra&nbsp;del temps&nbsp;que&nbsp;l\u2019autenticitat del lu\u00f2c e de la persona se mescl\u00e8ron&nbsp;a un polit sentiment de malanconi\u00e1 de fin de viatge.&nbsp;<\/p>\n\n\n\n<p>A pena&nbsp;dintrats,&nbsp;n\u00f2stres&nbsp;senses&nbsp;totes&nbsp;fogu\u00e8ron&nbsp;exacerbats.&nbsp;La vista, dins cada endrech possible un libre&nbsp;\u00e8ra pausat, l\u2019odor del&nbsp;papi\u00e8r&nbsp;e de las p\u00e8iras vi\u00e8lhas,&nbsp;sa&nbsp;votz atipica, nos embarqu\u00e8ron&nbsp;sul pic&nbsp;dins&nbsp;son&nbsp;mond&nbsp;artistic.<\/p>\n\n\n\n<p>Coss\u00ed parlar d\u2019Alan Roch&nbsp;tan son art es complet ?<\/p>\n\n\n\n<p>Practica\u00a0sa pluma occitana dins d\u2019unes domenis dempu\u00e8i d\u2019annadas : poesia, literatura pels mainatges, cronicas, traduccions&#8230; Ausigu\u00e8t l\u2019occitan per la familha e comenc\u00e8t las accions per la lenga en seguida de 1968. Fogu\u00e8t regent de temps e, dempu\u00e8i 2001, a de responsabilitats div\u00e8rsas dins lo\u00a0movement associatiu occitanista. Animator\u00a0cultural\u00a0departamental e\u00a0cronicaire\u00a0radi\u00f2, se tracha tanben dempu\u00e8i 1980 de las colleccions liter\u00e0rias de l\u2019IEO-11 : Vend\u00e9mias e Farfadet. Alan Roch transmet dempu\u00e8i d\u2019annadas un saber amolonat per la lenga n\u00f2stra e\u00a0se\u2019n\u00a0serv\u00eds tanben coma mejan de creacion e d\u2019invencion.<\/p>\n\n\n\n<p class=\"has-text-align-center\"><em>\u00abL\u2019escritura es un mejan de s\u2019exprimir e tanben d\u2019espandir la lenga occitana.\u00bb<\/em><\/p>\n\n\n\n<p>La t\u00f2ca d\u2019aquel rescontre \u00e8ra principalament de nos presentar sa seleccion&nbsp;d\u2019obratges&nbsp;incontornables en lenga n\u00f2stra : \u00f2bras joinessas, poesias, romans, contes, libres istorics, gramaticas. Pr\u00f2va que la literatura occitana es plan&nbsp;rica&nbsp;e que nos cal contunhar a la faire viure dins n\u00f2stras classas.<\/p>\n\n\n\n<p>Sa fervor per cada libre&nbsp;nos a&nbsp;balhat&nbsp;l\u2019enveja de descobrir aquestas&nbsp;diferentas ist\u00f2rias, lu\u00f2cs e&nbsp;personatges&nbsp;e mai nos&nbsp;confrontar a d\u2019unes&nbsp;dial\u00e8ctes,&nbsp;merc\u00e9 a la&nbsp;presentacion d\u2019autors d\u2019Occitania&nbsp;tota.<\/p>\n\n\n\n<p>Aquela&nbsp;entrevista fogu\u00e8t&nbsp;un&nbsp;vertadi\u00e8r&nbsp;viatge al&nbsp;pa\u00eds&nbsp;dels contes.&nbsp;Per acabar aquel moment&nbsp;meravilh\u00f3s agu\u00e8rem&nbsp;l\u2019astre de veire evoluir lo contaire dins&nbsp;tot&nbsp;son art&nbsp;e&nbsp;nos daissar embarcar&nbsp;per l\u2019\u00f2me&nbsp;e sa pres\u00e9ncia calorosa.<\/p>\n\n\n\n<p>Cal dire que fa un&nbsp;vintenat&nbsp;d&rsquo;annadas&nbsp;qu&rsquo;Alan Roch conta&nbsp;en public&nbsp;en&nbsp;posant&nbsp;dins lo&nbsp;repert\u00f2ri&nbsp;tradicional&nbsp;dels contes del&nbsp;pa\u00eds,&nbsp;en&nbsp;lenga&nbsp;d&rsquo;\u00f2c.&nbsp;D\u2019ist\u00f2rias que&nbsp;meton&nbsp;en&nbsp;sc\u00e8na&nbsp;de personatges imaginaris&nbsp;que semblan vertadi\u00e8rs,&nbsp;que&nbsp;sabon&nbsp;desnosar&nbsp;las&nbsp;trap\u00e8las&nbsp;que&nbsp;marcan&nbsp;lors percors&nbsp;amb una punta&nbsp;agusada&nbsp;d&rsquo;umor.<\/p>\n\n\n\n<p>Contaire&nbsp;emmascat,&nbsp;Alan Roch&nbsp;arrib\u00e8t&nbsp;a&nbsp;far&nbsp;tornar reals&nbsp;de lu\u00f2cs, de personatges, de dec\u00f2rs&nbsp;simplament&nbsp;amb&nbsp;sos&nbsp;mots&nbsp;e&nbsp;sa&nbsp;gestuala. Son mond se dobrigu\u00e8t&nbsp;a nosautres&nbsp;e i&nbsp;cabuss\u00e8rem&nbsp;amb f\u00f2r\u00e7a plaser.<\/p>\n\n\n\n<p>D\u2019aquel rencontre&nbsp;sortigu\u00e8rem encara mai&nbsp;amb l\u2019enveja de far viure e de transmetre la cultura&nbsp;occitana a trav\u00e8rs la literatura. Sas presentacions nos an perm\u00e9s de comprene l\u2019import\u00e0ncia de&nbsp;n\u00f2stres&nbsp;diferents r\u00f2tles dins las classas.<\/p>\n\n\n\n<p>E&nbsp;cric e crac n\u00f2stra&nbsp;polida&nbsp;setmana \u00abLenga e&nbsp;cultura\u00bb&nbsp;literatura&nbsp;es&nbsp;acabada&nbsp;!<\/p>\n\n\n\n<p>Melania&nbsp;Issartier, Julia&nbsp;Pastor&nbsp;e la c\u00f2la<\/p>\n","protected":false},"excerpt":{"rendered":"<p>Entre lo \u00abun c\u00f2p \u00e8ra\u00bb&nbsp;e&nbsp;lo&nbsp;\u00abe&nbsp;cric e crac\u00bb&nbsp;la&nbsp;n\u00f2stra c\u00f2la APRENE 1 se daiss\u00e8t&nbsp;completament&nbsp;emportar per&nbsp;aquel \u00f2me embelinaire&nbsp;! Per&nbsp;acabar&nbsp;n\u00f2stra&nbsp;setmana \u00abLenga e&nbsp;cultura\u00bb especiala&nbsp;literatura&nbsp;occitana, es sus sas t\u00e8rras&nbsp;mairalas&nbsp;qu\u2019Alan Roch nos &hellip; <\/p>\n","protected":false},"author":5,"featured_media":273,"comment_status":"open","ping_status":"open","sticky":false,"template":"","format":"standard","meta":{"footnotes":""},"categories":[3,8],"tags":[],"class_list":["post-242","post","type-post","status-publish","format-standard","has-post-thumbnail","hentry","category-articles","category-rescontres"],"_links":{"self":[{"href":"https:\/\/aici-ara.aprene.org\/index.php\/wp-json\/wp\/v2\/posts\/242","targetHints":{"allow":["GET"]}}],"collection":[{"href":"https:\/\/aici-ara.aprene.org\/index.php\/wp-json\/wp\/v2\/posts"}],"about":[{"href":"https:\/\/aici-ara.aprene.org\/index.php\/wp-json\/wp\/v2\/types\/post"}],"author":[{"embeddable":true,"href":"https:\/\/aici-ara.aprene.org\/index.php\/wp-json\/wp\/v2\/users\/5"}],"replies":[{"embeddable":true,"href":"https:\/\/aici-ara.aprene.org\/index.php\/wp-json\/wp\/v2\/comments?post=242"}],"version-history":[{"count":3,"href":"https:\/\/aici-ara.aprene.org\/index.php\/wp-json\/wp\/v2\/posts\/242\/revisions"}],"predecessor-version":[{"id":287,"href":"https:\/\/aici-ara.aprene.org\/index.php\/wp-json\/wp\/v2\/posts\/242\/revisions\/287"}],"wp:featuredmedia":[{"embeddable":true,"href":"https:\/\/aici-ara.aprene.org\/index.php\/wp-json\/wp\/v2\/media\/273"}],"wp:attachment":[{"href":"https:\/\/aici-ara.aprene.org\/index.php\/wp-json\/wp\/v2\/media?parent=242"}],"wp:term":[{"taxonomy":"category","embeddable":true,"href":"https:\/\/aici-ara.aprene.org\/index.php\/wp-json\/wp\/v2\/categories?post=242"},{"taxonomy":"post_tag","embeddable":true,"href":"https:\/\/aici-ara.aprene.org\/index.php\/wp-json\/wp\/v2\/tags?post=242"}],"curies":[{"name":"wp","href":"https:\/\/api.w.org\/{rel}","templated":true}]}}