{"id":166,"date":"2021-10-15T14:27:43","date_gmt":"2021-10-15T12:27:43","guid":{"rendered":"https:\/\/jornal.aprene.org\/Aici-ara\/?p=166"},"modified":"2021-10-15T14:27:48","modified_gmt":"2021-10-15T12:27:48","slug":"las-fargas-de-pirena","status":"publish","type":"post","link":"https:\/\/aici-ara.aprene.org\/index.php\/2021\/10\/15\/las-fargas-de-pirena\/","title":{"rendered":"Las fargas de Pirena"},"content":{"rendered":"\n<p>Plan venguts dins las fargas del s\u00e8gle XIXen. Es un endreit meravilh\u00f3s de la comuna de Montgalhard. Seretz aculhits pel Felip que se ditz Zeze. Vos presentar\u00e0 lo mart\u00e8l b\u00e8l que se bota en accion pel molin d\u2019aiga, qu\u2019es d\u2019unes que foncionan encara en Fran\u00e7a.<\/p>\n\n\n\n<p>De son nom \u00ab Farga a martinet \u00bb, a gardat l&rsquo;asp\u00e8ct d\u2019origina e fonciona encara a l&rsquo;ora d\u2019ara amb un ambient misteri\u00f3s.<\/p>\n\n\n\n<p>Auretz l\u2019impression de viure un jorn d\u2019un c\u00f2p \u00e8ra, una immersion totala per cada sens : un espectacle gigant pels u\u00e8lhs, una vibracion per las aurelhas amb lo son de l\u2019aiga e del mart\u00e8l que fan vibrar lo c\u00f2r e lo c\u00f2s enti\u00e8r, lo fresc de la farga e al meteis temps la calor del fu\u00f2c del carbon que calfa lo f\u00e8r, una emocion b\u00e8la de s\u2019imaginar lo mond que trabalhavan aqu\u00ed.<\/p>\n\n\n\n<p>En mai d\u2019aqu\u00f2, auretz l\u2019ist\u00f2ria dels fargaires en lenga occitana ! Auretz l\u2019astre d\u2019ausir lo Felip cantar en occitan \u00ab La farga de Canillo \u00bb e atanben \u00ab La polc\u00e0 del cocut \u00bb. Partiretz en viatge istoric dins aquelas fargas de Foish.<\/p>\n\n\n\n<p>Continuaretz lo polit viatge amb la vida de Baptiston, un \u00f2me de 85 ans que conta son camin de vida a la nena Marion. Una ist\u00f2ria plan mesa en sc\u00e8na per un espectacle interactiu que vos cabussa dins las annadas 1900. Emai auretz lo plaser d\u2019ausir la polida melodia de la can\u00e7on \u00ab Pometa \u00bb.<\/p>\n\n\n\n<p>Passaretz pel mus\u00e8u per i descobrir los mesti\u00e8rs de b\u00e8l temps i a amb una colleccion de 5000 aisinas e obj\u00e8ctes. I veiretz las aisinas dels r\u00e8ires per l&rsquo;ostal, los vestits, los escl\u00f2ps , per l\u2019agricultura&#8230;<\/p>\n\n\n\n<p><br>Seretz en immersion dins una esc\u00f2la de las annadas 1900 per tornar descobrir los pupitres, la tinta, las plumas per una letra.<\/p>\n\n\n\n<p>Poiretz ensajar lo mesti\u00e8r de panieraire, tant enfants coma adultes, per i faire de trenatges d\u2019amarinas e partiretz amb la v\u00f2stra \u00f2bra.<\/p>\n\n\n\n<p>Vaqu\u00ed un pichon resumit de la n\u00f2stra sortida amb l\u2019esc\u00f2la de P\u00e0mias la setmana passada. Vos aconselhi d\u2019i anar passar una jornada tota per \u00e7\u00f2 que i a encara lo forn a pan, lo cercaire de pampalhetas d\u2019aur, lo m\u00e8stre veiri\u00e8r e mantuna causa encara&#8230;<\/p>\n\n\n\n<p>Milena Galinier e la c\u00f2la<\/p>\n","protected":false},"excerpt":{"rendered":"<p>Plan venguts dins las fargas del s\u00e8gle XIXen. Es un endreit meravilh\u00f3s de la comuna de Montgalhard. Seretz aculhits pel Felip que se ditz Zeze. &hellip; <\/p>\n","protected":false},"author":3,"featured_media":175,"comment_status":"open","ping_status":"open","sticky":false,"template":"","format":"standard","meta":{"footnotes":""},"categories":[4],"tags":[],"class_list":["post-166","post","type-post","status-publish","format-standard","has-post-thumbnail","hentry","category-cultura"],"_links":{"self":[{"href":"https:\/\/aici-ara.aprene.org\/index.php\/wp-json\/wp\/v2\/posts\/166","targetHints":{"allow":["GET"]}}],"collection":[{"href":"https:\/\/aici-ara.aprene.org\/index.php\/wp-json\/wp\/v2\/posts"}],"about":[{"href":"https:\/\/aici-ara.aprene.org\/index.php\/wp-json\/wp\/v2\/types\/post"}],"author":[{"embeddable":true,"href":"https:\/\/aici-ara.aprene.org\/index.php\/wp-json\/wp\/v2\/users\/3"}],"replies":[{"embeddable":true,"href":"https:\/\/aici-ara.aprene.org\/index.php\/wp-json\/wp\/v2\/comments?post=166"}],"version-history":[{"count":2,"href":"https:\/\/aici-ara.aprene.org\/index.php\/wp-json\/wp\/v2\/posts\/166\/revisions"}],"predecessor-version":[{"id":181,"href":"https:\/\/aici-ara.aprene.org\/index.php\/wp-json\/wp\/v2\/posts\/166\/revisions\/181"}],"wp:featuredmedia":[{"embeddable":true,"href":"https:\/\/aici-ara.aprene.org\/index.php\/wp-json\/wp\/v2\/media\/175"}],"wp:attachment":[{"href":"https:\/\/aici-ara.aprene.org\/index.php\/wp-json\/wp\/v2\/media?parent=166"}],"wp:term":[{"taxonomy":"category","embeddable":true,"href":"https:\/\/aici-ara.aprene.org\/index.php\/wp-json\/wp\/v2\/categories?post=166"},{"taxonomy":"post_tag","embeddable":true,"href":"https:\/\/aici-ara.aprene.org\/index.php\/wp-json\/wp\/v2\/tags?post=166"}],"curies":[{"name":"wp","href":"https:\/\/api.w.org\/{rel}","templated":true}]}}