{"id":140,"date":"2021-10-15T14:12:30","date_gmt":"2021-10-15T12:12:30","guid":{"rendered":"https:\/\/jornal.aprene.org\/Aici-ara\/?p=140"},"modified":"2021-10-15T14:12:34","modified_gmt":"2021-10-15T12:12:34","slug":"passejada-agde-ciutat-volcanica","status":"publish","type":"post","link":"https:\/\/aici-ara.aprene.org\/index.php\/2021\/10\/15\/passejada-agde-ciutat-volcanica\/","title":{"rendered":"Passejada : AGDE ciutat volcanica"},"content":{"rendered":"\n<p>La vila d\u2019Agde en Erau se tr\u00f2ba a l\u2019extremitat sud de la cadena dels volcans d\u2019Auv\u00e8rnha. Es ligada a una activitat volcanica que se deban\u00e8t entre 250.000 e 750.000 ans. Las primi\u00e8ras erupcions se seri\u00e1n produchas en mitan marin e las darni\u00e8ras en mitan terr\u00e8stre.<br>Entre lo Cap d\u2019Agde e Agde, un ancian volcan, lo mont Sant-Lop testim\u00f2ni d\u2019aqueles peri\u00f2des, culmina a 113 m\u00e8tres e s\u2019espand\u00eds sus quasi 15 km\u00b2. Es el qu\u2019a donat a la ciutat d\u2019Agde sa color grisa irisada e sos monuments en basalt.<br><br>S\u00e8tz curioses de descobrir aquel volcanisme ?<br>Vos conselhi una polida passejada d\u2019una ora, sul camin\u00f2l d\u2019Emilia, per dominar la vila d&rsquo;Agde. Vos menar\u00e0 al costat n\u00f2rd del mont Sant-Lop ; i trobaretz un panoram\u00e0 esplendid de la region tota : l&rsquo;estanh de Taur, Seta, Cap d&rsquo;Agde e lo r\u00e8ire-pa\u00efs.<br>Se s\u00e8tz amators de cabussada, pod\u00e8tz tanben descobrir aquel volcanisme e sos tresaurs jos l\u2019aiga.<br>Una colada basaltica se p\u00f2t veire a nautor de la plaja de la conca, plaja negra, constituida de bocins basaltics, amb al sud lo roc\u00e0s \u00ab&nbsp;dels dos fraires&nbsp;\u00bb, e a l&rsquo;o\u00e8st, l\u2019iscleta negra de Brescon. De paisatges excepcionals de colors contrastadas, entre 0 e 5 m\u00e8tres de prigondor, que presentan una vida sosmarina f\u00f2r\u00e7a rica.<br><br>Julia Pastor e la c\u00f2la<br><\/p>\n","protected":false},"excerpt":{"rendered":"<p>La vila d\u2019Agde en Erau se tr\u00f2ba a l\u2019extremitat sud de la cadena dels volcans d\u2019Auv\u00e8rnha. Es ligada a una activitat volcanica que se deban\u00e8t &hellip; <\/p>\n","protected":false},"author":7,"featured_media":161,"comment_status":"open","ping_status":"open","sticky":false,"template":"","format":"standard","meta":{"footnotes":""},"categories":[3,4],"tags":[],"class_list":["post-140","post","type-post","status-publish","format-standard","has-post-thumbnail","hentry","category-articles","category-cultura"],"_links":{"self":[{"href":"https:\/\/aici-ara.aprene.org\/index.php\/wp-json\/wp\/v2\/posts\/140","targetHints":{"allow":["GET"]}}],"collection":[{"href":"https:\/\/aici-ara.aprene.org\/index.php\/wp-json\/wp\/v2\/posts"}],"about":[{"href":"https:\/\/aici-ara.aprene.org\/index.php\/wp-json\/wp\/v2\/types\/post"}],"author":[{"embeddable":true,"href":"https:\/\/aici-ara.aprene.org\/index.php\/wp-json\/wp\/v2\/users\/7"}],"replies":[{"embeddable":true,"href":"https:\/\/aici-ara.aprene.org\/index.php\/wp-json\/wp\/v2\/comments?post=140"}],"version-history":[{"count":2,"href":"https:\/\/aici-ara.aprene.org\/index.php\/wp-json\/wp\/v2\/posts\/140\/revisions"}],"predecessor-version":[{"id":167,"href":"https:\/\/aici-ara.aprene.org\/index.php\/wp-json\/wp\/v2\/posts\/140\/revisions\/167"}],"wp:featuredmedia":[{"embeddable":true,"href":"https:\/\/aici-ara.aprene.org\/index.php\/wp-json\/wp\/v2\/media\/161"}],"wp:attachment":[{"href":"https:\/\/aici-ara.aprene.org\/index.php\/wp-json\/wp\/v2\/media?parent=140"}],"wp:term":[{"taxonomy":"category","embeddable":true,"href":"https:\/\/aici-ara.aprene.org\/index.php\/wp-json\/wp\/v2\/categories?post=140"},{"taxonomy":"post_tag","embeddable":true,"href":"https:\/\/aici-ara.aprene.org\/index.php\/wp-json\/wp\/v2\/tags?post=140"}],"curies":[{"name":"wp","href":"https:\/\/api.w.org\/{rel}","templated":true}]}}